{"id":17462,"date":"2020-11-20T00:28:08","date_gmt":"2020-11-20T03:28:08","guid":{"rendered":"https:\/\/culturas.cc\/congresso2020\/?p=17462"},"modified":"2021-09-09T20:24:39","modified_gmt":"2021-09-09T23:24:39","slug":"compondo-o-som-experimentos-compositivos-resultantes-de-processos-de-criacao-colaborativa-entre-o-baixo-eletrico-e-instrumentos-sinfonicos-de-tessitura-medio-grave","status":"publish","type":"post","link":"https:\/\/culturas.cc\/congresso2020\/17462\/","title":{"rendered":"Compondo o Som: Experimentos compositivos resultantes de processos de cria\u00e7\u00e3o colaborativa entre Baixo el\u00e9trico e Piano ac\u00fastico"},"content":{"rendered":"\n<p>Nota-se nas \u00faltimas d\u00e9cadas, um crescimento substancial do interesse de artistas no desenvolvimento de processos de composi\u00e7\u00e3o e <em>performance<\/em> baseados em cria\u00e7\u00e3o colaborativa. Isto tem impulsionado o avan\u00e7o da discuss\u00e3o de t\u00f3picos relacionados \u00e0 essa pr\u00e1tica, cujo maior interesse tem sido propor rela\u00e7\u00f5es mais participativas, dial\u00f3gicas e equ\u00e2nimes, quanto aos pap\u00e9is desempenhados pelos seus criadores (compositor e <em>performer<\/em>), nas diferentes etapas do processo. A participa\u00e7\u00e3o efetiva do <em>performer, <\/em>de forma n\u00e3o-hierarquizada, desde as etapas iniciais do processo de cria\u00e7\u00e3o colaborativa, fornece possibilidades de mitiga\u00e7\u00e3o e solu\u00e7\u00e3o de problemas de natureza t\u00e9cnico-perform\u00e1tica e\/ou compositiva. Processos de cria\u00e7\u00e3o colaborativa podem contribuir como estrat\u00e9gia de composi\u00e7\u00e3o fundamentada em sonoridades, potencializando os diferentes pap\u00e9is que o pr\u00f3prio compositor pode desempenhar, em observ\u00e2ncia \u00e0 sua experi\u00eancia, especialmente, quando este \u00e9 tamb\u00e9m o <em>performer<\/em>. Portanto, a presente proposta de apresenta\u00e7\u00e3o \u00e9 resultado parcial de pesquisa (em andamento), que prop\u00f5e processos de cria\u00e7\u00e3o colaborativa entre compositor e diferentes performers, como estrat\u00e9gia de composi\u00e7\u00e3o baseada em sonoridades caracterizadas pelos aspectos t\u00edmbricos e idiom\u00e1ticos do Baixo el\u00e9trico, pelo vi\u00e9s da experi\u00eancia do pr\u00f3prio compositor como baixista. Aqui apresentamos em formato audiovisual, a <em>performance <\/em>gravada de <em>DeKalk,<\/em> \u2013 um duo para Baixo el\u00e9trico e Piano preparado. O experimento foi criado pelo compositor e baixista Gilmario Bispo, em colabora\u00e7\u00e3o com a professora, pesquisadora e pianista, Dra Luciane Cardassi.<\/p>\n\n\n\n<figure class=\"wp-block-embed is-type-video is-provider-youtube wp-block-embed-youtube wp-embed-aspect-16-9 wp-has-aspect-ratio\"><div class=\"wp-block-embed__wrapper\">\n<iframe loading=\"lazy\" title=\"DeKalk - para Baixo el\u00e9trico Fretless e Piano Preparado\" width=\"500\" height=\"281\" src=\"https:\/\/www.youtube.com\/embed\/gnTL9MhUfGk?feature=oembed\" frameborder=\"0\" allow=\"accelerometer; autoplay; clipboard-write; encrypted-media; gyroscope; picture-in-picture; web-share\" referrerpolicy=\"strict-origin-when-cross-origin\" allowfullscreen><\/iframe>\n<\/div><\/figure>\n\n\n\n<p><strong>RESUMO BIOGR\u00c1FICO<\/strong><\/p>\n\n\n\n<p><strong>Gilm\u00e1rio Bispo<\/strong> \u00e9 Mestre em Composi\u00e7\u00e3o pela Universidade Federal da Bahia (UFBA), doutorando e bacharel em Composi\u00e7\u00e3o, pela mesma Universidade, e Licenciado em Artes pela Faculdade Capixaba de Nova Ven\u00e9cia-Esp\u00edrito Santo. Desenvolve pesquisa na \u00e1rea de Composi\u00e7\u00e3o em Baixo el\u00e9trico, Timbre e Cria\u00e7\u00e3o colaborativa. Como Professor de Teorias da M\u00fasica, atuou nos Cursos T\u00e9cnicos de M\u00fasica, no Conservat\u00f3rio de M\u00fasica de Sergipe, nos cursos de Extens\u00e3o da Escola de M\u00fasica da UFBA e Curso B\u00e1sico do CUCA-UEFS. Instrumentista e arranjador, com atua\u00e7\u00f5es nas \u00e1reas de Teatro e Dan\u00e7a, Produtor e Diretor musical de discos e apresenta\u00e7\u00f5es art\u00edsticas. Atuou com diversos artistas, tais como: Caetano Veloso, Armandinho Macedo, Augustin Carbonel, Lazzo Matumbi, Roberto Mendes, Carlos Malta, entre outros. Comp\u00f4s obras para diversas forma\u00e7\u00f5es instrumentais, incluindo grande orquestra, Trios, Duos, Piano solo, Octeto de Violoncelos, Quarteto de Clarinetes e Piano, Voz e Orquestra e Quinteto de Baixos el\u00e9tricos.<\/p>\n\n\n\n<p><strong>Luciane Cardassi <\/strong>\u00e9 Doutora em M\u00fasica Contempor\u00e2nea pela Universidade da Calif\u00f3rnia, San Diego (UCSD), Mestre em M\u00fasica pela Universidade Federal do Rio Grande do Sul (UFRGS) e Bacharel em M\u00fasica pela Universidade de S\u00e3o Paulo (USP). \u00c9 pesquisadora na \u00e1rea de Performance Musical com \u00eanfase na M\u00fasica Contempor\u00e2nea para Piano e Colabora\u00e7\u00e3o com Compositores. Luciane foi Professora Visitante do Programa de P\u00f3s-Gradua\u00e7\u00e3o em M\u00fasica da Universidade Federal da Bahia (UFBA) por dois anos, de 2018 a 2020. Em mar\u00e7o de 2020 retornou para Banff, sua cidade nas montanhas rochosas canadenses. Desde ent\u00e3o lan\u00e7ou dois \u00e1lbuns, gravados em 2019: Mer, com 4 obras do compositor Paulo Guicheney; e Going North, um panorama de sua trajet\u00f3ria criativa na \u00faltima d\u00e9cada, com obras escritas em colabora\u00e7\u00e3o com compositores brasileiros e canadenses.<\/p>\n","protected":false},"excerpt":{"rendered":"<p>Gilm\u00e1rio Bispo (Me. compositor, baixista)<\/p>\n","protected":false},"author":1,"featured_media":17463,"comment_status":"open","ping_status":"open","sticky":false,"template":"","format":"standard","meta":{"_bbp_topic_count":0,"_bbp_reply_count":0,"_bbp_total_topic_count":0,"_bbp_total_reply_count":0,"_bbp_voice_count":0,"_bbp_anonymous_reply_count":0,"_bbp_topic_count_hidden":0,"_bbp_reply_count_hidden":0,"_bbp_forum_subforum_count":0,"_jetpack_memberships_contains_paid_content":false,"footnotes":""},"categories":[189,1],"tags":[],"class_list":["post-17462","post","type-post","status-publish","format-standard","has-post-thumbnail","hentry","category-artes","category-resumos"],"jetpack_featured_media_url":"https:\/\/i0.wp.com\/culturas.cc\/congresso2020\/wp-content\/uploads\/sites\/9\/2020\/11\/compondo-o-som-experimentos-compositivos-resultantes-de-processos-de-cria-o-colaborativa-entre-o-baixo-el-trico-e-instrumentos-sinf-nicos-de-tessitura-m-dio-grave.jpg?fit=1280%2C720&ssl=1","jetpack_sharing_enabled":true,"_links":{"self":[{"href":"https:\/\/culturas.cc\/congresso2020\/wp-json\/wp\/v2\/posts\/17462","targetHints":{"allow":["GET"]}}],"collection":[{"href":"https:\/\/culturas.cc\/congresso2020\/wp-json\/wp\/v2\/posts"}],"about":[{"href":"https:\/\/culturas.cc\/congresso2020\/wp-json\/wp\/v2\/types\/post"}],"author":[{"embeddable":true,"href":"https:\/\/culturas.cc\/congresso2020\/wp-json\/wp\/v2\/users\/1"}],"replies":[{"embeddable":true,"href":"https:\/\/culturas.cc\/congresso2020\/wp-json\/wp\/v2\/comments?post=17462"}],"version-history":[{"count":3,"href":"https:\/\/culturas.cc\/congresso2020\/wp-json\/wp\/v2\/posts\/17462\/revisions"}],"predecessor-version":[{"id":17618,"href":"https:\/\/culturas.cc\/congresso2020\/wp-json\/wp\/v2\/posts\/17462\/revisions\/17618"}],"wp:featuredmedia":[{"embeddable":true,"href":"https:\/\/culturas.cc\/congresso2020\/wp-json\/wp\/v2\/media\/17463"}],"wp:attachment":[{"href":"https:\/\/culturas.cc\/congresso2020\/wp-json\/wp\/v2\/media?parent=17462"}],"wp:term":[{"taxonomy":"category","embeddable":true,"href":"https:\/\/culturas.cc\/congresso2020\/wp-json\/wp\/v2\/categories?post=17462"},{"taxonomy":"post_tag","embeddable":true,"href":"https:\/\/culturas.cc\/congresso2020\/wp-json\/wp\/v2\/tags?post=17462"}],"curies":[{"name":"wp","href":"https:\/\/api.w.org\/{rel}","templated":true}]}}