{"id":17409,"date":"2020-11-19T01:44:10","date_gmt":"2020-11-19T04:44:10","guid":{"rendered":"https:\/\/culturas.cc\/congresso2020\/?p=17409"},"modified":"2020-11-19T01:46:27","modified_gmt":"2020-11-19T04:46:27","slug":"projeto-confronta-laboratorio-de-intervencoes-visuais","status":"publish","type":"post","link":"https:\/\/culturas.cc\/congresso2020\/17409\/","title":{"rendered":"PROJETO \u201cCONFRONTA! LABORAT\u00d3RIO DE INTERVEN\u00c7\u00d5ES VISUAIS&#8221;"},"content":{"rendered":"\n<p>O \u201cConfronta! Laborat\u00f3rio de Interven\u00e7\u00f5es Visuais\u201d \u00e9 uma atividade em formato de oficina onde seus participantes produzem imagens que abordam criticamente temas de interesse social. Com coordena\u00e7\u00e3o de Marin\u00eas Ribeiro dos Santos, Luciana Martha Silveira e Kando Fukushima, \u00e9 um projeto de extens\u00e3o promovido pelo Departamento Acad\u00eamico de Desenho Industrial da Universidade Tecnol\u00f3gica Federal do Paran\u00e1.<\/p>\n\n\n\n<p>A din\u00e2mica das atividades consiste em discutir a\u00e7\u00f5es e estrat\u00e9gias projetuais que promovem a reflex\u00e3o cr\u00edtica sobre a realidade cotidiana, e que estimulem o debate sobre democracia e direitos humanos. Cada edi\u00e7\u00e3o \u00e9 realizada em seis encontros s\u00edncronos, duas vezes por semana. Durante o processo, os projetos dos participantes s\u00e3o analisados tanto em seus aspectos t\u00e9cnicos e visuais, quanto em rela\u00e7\u00e3o aos assuntos abordados e resultados das pesquisas solicitadas. Os diversos temas s\u00e3o escolhidos livremente por cada participante, orbitando entre quest\u00f5es de g\u00eanero, ambientais e pol\u00edticas p\u00fablicas na \u00e1rea de sa\u00fade e educa\u00e7\u00e3o.<\/p>\n\n\n\n<p>Os resultados s\u00e3o produzidos em formatos variados, que v\u00e3o desde arquivos digitais para impress\u00e3o de cartazes, at\u00e9 v\u00eddeos e imagens para veicula\u00e7\u00e3o em redes sociais. O modo de circula\u00e7\u00e3o tamb\u00e9m \u00e9 decidido coletivamente em cada edi\u00e7\u00e3o, sendo os trabalhos posteriormente compilados em um s\u00edtio eletr\u00f4nico espec\u00edfico do laborat\u00f3rio, como forma de registro (https:\/\/sites.google.com\/view\/confrontalab).<\/p>\n\n\n\n<p>O laborat\u00f3rio funciona como uma proposta experimental para a condu\u00e7\u00e3o de atividades de forma remota no contexto da pandemia, destacando a import\u00e2ncia do di\u00e1logo e promovendo uma produ\u00e7\u00e3o coletiva e cr\u00edtica, atenta aos problemas do cotidiano.<\/p>\n\n\n\n<p><em><strong>Resumo<\/strong><\/em><em><strong> biogr\u00e1fico dos autores<\/strong><\/em><\/p>\n\n\n\n<p><strong>Kando Fukushima<\/strong><\/p>\n\n\n\n<p>Bacharel em Desenho Industrial com habilita\u00e7\u00e3o em Programa\u00e7\u00e3o Visual pela Universidade Federal do Paran\u00e1 (UFPR), especialista em Hist\u00f3ria da Arte do s\u00e9culo XX pela Escola de M\u00fasica e Belas Artes do Paran\u00e1 (EMBAP) e mestre e doutor em Tecnologia e Sociedade (PPGTE\/UTFPR). Atualmente \u00e9 professor do Departamento Acad\u00eamico de Desenho Industrial da Universidade Tecnol\u00f3gica Federal do Paran\u00e1 (UTFPR). Pesquisador na \u00e1rea de Design e membro do Grupo de Pesquisa Design e Cultura \/ UTFPR.<\/p>\n\n\n\n<p><strong>Luciana Martha Silveira<\/strong><\/p>\n\n\n\n<p>Possui gradua\u00e7\u00e3o em Educa\u00e7\u00e3o Art\u00edstica pela Universidade Estadual de Campinas (UNICAMP) (1989), Mestrado em Multimeios pela Universidade Estadual de Campinas (UNICAMP) (1994), Doutorado em Comunica\u00e7\u00e3o e Semi\u00f3tica pela Pontif\u00edcia Universidade Cat\u00f3lica de S\u00e3o Paulo (PUC-SP) (2002) e P\u00f3s-Doutorado na Universidade de Michigan (2009-2010). Atualmente \u00e9 professora da Universidade Tecnol\u00f3gica Federal do Paran\u00e1. Tem experi\u00eancia na \u00e1rea de Artes, com \u00eanfase em Artes Pl\u00e1sticas, atuando principalmente nos seguintes temas: Cor, arte e tecnologia; Rela\u00e7\u00f5es entre a tecnologia e a arte; entre a arte e a ci\u00eancia; arte imersiva; suportes h\u00edbridos e percep\u00e7\u00e3o; arte, processo criativo e inova\u00e7\u00e3o; arte cin\u00e9tica; aplica\u00e7\u00e3o da Teoria da Cor no Design e na Arte; Arte, Tecnologia e Sociedade.<\/p>\n\n\n\n<p><strong>Marin\u00eas Ribeiro dos Santos<\/strong><strong><\/strong><\/p>\n\n\n\n<p>Possui gradua\u00e7\u00e3o em Desenho Industrial pela Universidade Federal do Paran\u00e1 (1994), Mestrado em Tecnologia e Sociedade pela Universidade Tecnol\u00f3gica Federal do Paran\u00e1 (2000) e Doutorado em Ci\u00eancias Humanas pela Universidade Federal de Santa Catarina (2010). \u00c9 professora da Universidade Tecnol\u00f3gica Federal do Paran\u00e1 desde 1995, onde atua nos cursos de gradua\u00e7\u00e3o do Departamento Acad\u00eamico de Desenho Industrial e nos cursos de Mestrado e Doutorado do Programa de P\u00f3s-Gradua\u00e7\u00e3o em Tecnologia e Sociedade (PPGTE), junto \u00e0 Linha de Pesquisa Media\u00e7\u00f5es e Culturas. Seus interesses de trabalho est\u00e3o voltados para os seguintes temas: Teoria e hist\u00f3ria do design na perspectiva feminista; Cultura material, g\u00eanero e espa\u00e7o dom\u00e9stico; Cultura material, g\u00eanero e ra\u00e7a\/etnia.<\/p>\n","protected":false},"excerpt":{"rendered":"<p>Kando Fukushima<br \/>\nLuciana Martha Silveira<br \/>\nMarin\u00eas Ribeiro dos Santos<\/p>\n","protected":false},"author":137,"featured_media":17040,"comment_status":"open","ping_status":"open","sticky":false,"template":"","format":"standard","meta":{"_bbp_topic_count":0,"_bbp_reply_count":0,"_bbp_total_topic_count":0,"_bbp_total_reply_count":0,"_bbp_voice_count":0,"_bbp_anonymous_reply_count":0,"_bbp_topic_count_hidden":0,"_bbp_reply_count_hidden":0,"_bbp_forum_subforum_count":0,"_jetpack_memberships_contains_paid_content":false,"footnotes":""},"categories":[187,1],"tags":[],"class_list":["post-17409","post","type-post","status-publish","format-standard","has-post-thumbnail","hentry","category-projetos-1","category-resumos"],"jetpack_featured_media_url":"https:\/\/i0.wp.com\/culturas.cc\/congresso2020\/wp-content\/uploads\/sites\/9\/2020\/11\/topo-gt5.jpg?fit=1920%2C450&ssl=1","jetpack_sharing_enabled":true,"_links":{"self":[{"href":"https:\/\/culturas.cc\/congresso2020\/wp-json\/wp\/v2\/posts\/17409","targetHints":{"allow":["GET"]}}],"collection":[{"href":"https:\/\/culturas.cc\/congresso2020\/wp-json\/wp\/v2\/posts"}],"about":[{"href":"https:\/\/culturas.cc\/congresso2020\/wp-json\/wp\/v2\/types\/post"}],"author":[{"embeddable":true,"href":"https:\/\/culturas.cc\/congresso2020\/wp-json\/wp\/v2\/users\/137"}],"replies":[{"embeddable":true,"href":"https:\/\/culturas.cc\/congresso2020\/wp-json\/wp\/v2\/comments?post=17409"}],"version-history":[{"count":1,"href":"https:\/\/culturas.cc\/congresso2020\/wp-json\/wp\/v2\/posts\/17409\/revisions"}],"predecessor-version":[{"id":17410,"href":"https:\/\/culturas.cc\/congresso2020\/wp-json\/wp\/v2\/posts\/17409\/revisions\/17410"}],"wp:featuredmedia":[{"embeddable":true,"href":"https:\/\/culturas.cc\/congresso2020\/wp-json\/wp\/v2\/media\/17040"}],"wp:attachment":[{"href":"https:\/\/culturas.cc\/congresso2020\/wp-json\/wp\/v2\/media?parent=17409"}],"wp:term":[{"taxonomy":"category","embeddable":true,"href":"https:\/\/culturas.cc\/congresso2020\/wp-json\/wp\/v2\/categories?post=17409"},{"taxonomy":"post_tag","embeddable":true,"href":"https:\/\/culturas.cc\/congresso2020\/wp-json\/wp\/v2\/tags?post=17409"}],"curies":[{"name":"wp","href":"https:\/\/api.w.org\/{rel}","templated":true}]}}