{"id":17407,"date":"2020-11-19T01:42:29","date_gmt":"2020-11-19T04:42:29","guid":{"rendered":"https:\/\/culturas.cc\/congresso2020\/?p=17407"},"modified":"2020-11-19T01:46:33","modified_gmt":"2020-11-19T04:46:33","slug":"silencio-do-grito-lugar-de-fala","status":"publish","type":"post","link":"https:\/\/culturas.cc\/congresso2020\/17407\/","title":{"rendered":"Sil\u00eancio do Grito &#8211; Lugar de Fala"},"content":{"rendered":"\n<p>Flavia Pontes Espindola<br>Universidade Nova de Lisboa<\/p>\n\n\n\n<p>O objeto de estudo escolhido para a pesquisa \u00e9 o primeiro livro da autora brasileira Djamila Ribeiro, <em>Lugar de Fala<\/em>. O livro faz parte da cole\u00e7\u00e3o, organizada pela pr\u00f3pria escritora, chamada <em>Feminismos Plurais<\/em>. De acordo com Djamila Ribeiro, a cole\u00e7\u00e3o tem o objetivo de trazer para o grande p\u00fablico quest\u00f5es importantes referentes aos mais diversos feminismos de forma did\u00e1tica e acess\u00edvel. A serie de livros \u00e9 fruto da produ\u00e7\u00e3o de intelectuais de grupos historicamente marginalizados, agora, portanto, como sujeitos pol\u00edticos.<\/p>\n\n\n\n<p>O livro <em>Lugar de Fala <\/em>inaugura a cole\u00e7\u00e3o de Feminismos Plurais com tema feminismo negro. A linguagem \u00e9 um mecanismo de manuten\u00e7\u00e3o de poder e um dos compromissos da cole\u00e7\u00e3o \u00e9 que a produ\u00e7\u00e3o de feministas negras una a sofistica\u00e7\u00e3o intelectual com a pr\u00e1tica pol\u00edtica de forma did\u00e1tica. Para a autora, pensar em feminismo negro \u00e9 justamente romper com a cis\u00e3o criada pela sociedade desigual. E logo, pensar em novos marcos civilizat\u00f3rios e modelo de sociedade. O segundo compromisso da cole\u00e7\u00e3o \u00e9 a divulga\u00e7\u00e3o de intelectuais mulheres negras, colocando-as na condi\u00e7\u00e3o de sujeitos e seres ativos que historicamente vem fazendo resist\u00eancias e reexist\u00eancias. O livro est\u00e1 divido em seis cap\u00edtulos, a apresenta\u00e7\u00e3o, um pouco de hist\u00f3ria, mulher negra: o outro do outro, o que \u00e9 lugar de fala?, todo mundo tem lugar de fala e notas e refer\u00eancias. Djamila Ribeiro \u00e9 mestre em Filosofia Pol\u00edtica pela Universidade Federal de S\u00e3o Paulo (Unifesp) e foi secret\u00e1ria adjunta de Direitos Humanos de S\u00e3o Paulo. Em 2019, foi escolhida como &#8220;Personalidade do amanh\u00e3&#8221; pelo governo franc\u00eas. De acordo com a BBC, Djamila Ribeiro \u00e9 uma das 100 mulheres mais influentes do mundo.<\/p>\n\n\n\n<p>Em seu primeiro livro, a escritora responde a pergunta: O que \u00e9 lugar de fala?. No qual baseia-se todo o seu pensamento sobre o lugar social que as mulheres negras ocupam e que, de certa forma, \u00e9 poss\u00edvel tirar proveito disso. A autora ressalta que a experi\u00eancia de grupos localizados socialmente de forma hierarquizada e n\u00e3o humanizada faz com que as produ\u00e7\u00f5es intelectuais, saberes e vozes sejam tratados de modo igualmente subalternizados, al\u00e9m das condi\u00e7\u00f5es sociais os manterem num lugar silenciado estruturalmente. Entretanto, a fil\u00f3sofa destaca que o lugar social n\u00e3o determina uma consci\u00eancia discursiva sobre esse lugar. Por\u00e9m, o lugar que ocupamos socialmente nos faz ter experi\u00eancias distintas e outras perspectivas. Com isso pretende refutar uma suposta &#8220;universalidade&#8221;, de acordo com a autora, representada pelos homens brancos. A escritora Djamila Ribeiro acredita que promover uma multiplicidade de vozes, acima de tudo, \u00e9 quebrar com o discurso autorizado e \u00fanico, que se pretende universal. Busca-se, portanto, lutar para romper com o regime de autoriza\u00e7\u00e3o discursiva. Pensar o &#8221; Lugar de fala&#8221; seria uma postura \u00e9tica pois pensar o lugar no qual falamos \u00e9 fundamental para pensarmos hierarquias, quest\u00f5es de desigualdade, pobreza, racismo e sexismo. Ao grupo social privilegiado em termos de <em>locus social<\/em> \u00e9 fundamental tamb\u00e9m que consigam enxergar as hierarquias produzidas a partir desse lugar e como impacta diretamente a constitui\u00e7\u00e3o de grupos subalternizados.<\/p>\n\n\n\n<p><strong>Bibliografia:<\/strong><\/p>\n\n\n\n<p>EVEN-ZOHAR. Itamar. La literatura como bienes y como herramientas. En Dar\u00edo Villanueva [et al] (coord.). Sin Fronteras: Ensayos de Literatura Comparada en Ho- menaje a Claudio Guill\u00e9n. Madrid: Editorial Castalia, 27-36, 1999.<\/p>\n\n\n\n<p>DALCASTAGNE. Regina. Entre sil\u00eancios e estere\u00f3tipos: rela\u00e7\u00f5es raciais na literatura brasileira contem- por\u00e2nea\u201d. <em>Estudos de Literatura Brasileira Contempor\u00e2nea<\/em>, no. 31. Bras\u00edlia, janeiro-junho de 2008.&lt;&lt;&lt;https:\/\/dialnet.unirioja.es\/servlet\/articulo?codigo=4846142&gt;&gt;<\/p>\n\n\n\n<p>DA CUNHA. Carlos M F. Historia Liter\u00e1ria e a (Des) Nacionaliza\u00e7\u00e3o da Literatura. Historias da Literatura. Maria da Penha Campos Fernandes (coord). 2005. &lt;&lt;http:\/\/repositorium.sdum.uminho.pt\/bitstream\/1822\/22166\/1\/A%20hist%c3%b3ria%20liter%c3%a1 ria%20e%20a%20%28des%29nacionaliza%c3%a7%c3%a3o%20da%20literatura.pdf&gt;&gt;<\/p>\n\n\n\n<p>Entrevista Julio Ludemir, 2018. &lt;&lt; http:\/\/www.flup.net.br\/flup2019\/flup.html &gt;&gt;<\/p>\n\n\n\n<p>Nota Minist\u00e9rio das Rela\u00e7\u00f5es Exteriores sobre Cais do Valongo.\u2028<\/p>\n\n\n\n<p>&lt;&lt; http:\/\/www.itamaraty.gov.br\/pt-BR\/notas-a-imprensa\/16802-inscricao-do- cais-do-valongo-na-lista-do-patrimonio-mundial-cracovia-9-de-julho-de-2017&gt;&gt;<\/p>\n\n\n\n<p>HOLANDA. Heloisa Buarque de. Usos da Cultura. Revista Eletr\u00f4nica Sistema e Gest\u00e3o. 2012.<\/p>\n\n\n\n<p>RIBEIRO. Djamila. Lugar de Fala. Feminismos Plurais, 2019. Instituto Pr\u00f3-Livro<\/p>\n\n\n\n<p>&lt;&lt; http:\/\/plataforma.prolivro.org.br\/quem-somos\/ &gt;&gt;<\/p>\n\n\n\n<p>XAVIER, Giovana. Voc\u00ea pode substituir mulheres negras como objeto de estudo por mulheres negras contando sua pr\u00f3pria hist\u00f3ria. Editora Mal\u00ea, 2019.<\/p>\n\n\n\n<p>RIBEIRO. Djamila. Quem tem medo de feminismo negro, 2018. Editora Schwarcz.<\/p>\n","protected":false},"excerpt":{"rendered":"<p>Flavia Pontes Espindola<br \/>\nUniversidade Nova de Lisboa<\/p>\n","protected":false},"author":137,"featured_media":17039,"comment_status":"open","ping_status":"open","sticky":false,"template":"","format":"standard","meta":{"_bbp_topic_count":0,"_bbp_reply_count":0,"_bbp_total_topic_count":0,"_bbp_total_reply_count":0,"_bbp_voice_count":0,"_bbp_anonymous_reply_count":0,"_bbp_topic_count_hidden":0,"_bbp_reply_count_hidden":0,"_bbp_forum_subforum_count":0,"_jetpack_memberships_contains_paid_content":false,"footnotes":""},"categories":[187],"tags":[],"class_list":["post-17407","post","type-post","status-publish","format-standard","has-post-thumbnail","hentry","category-projetos-1"],"jetpack_featured_media_url":"https:\/\/i0.wp.com\/culturas.cc\/congresso2020\/wp-content\/uploads\/sites\/9\/2020\/11\/topo-gt3.jpg?fit=1920%2C450&ssl=1","jetpack_sharing_enabled":true,"_links":{"self":[{"href":"https:\/\/culturas.cc\/congresso2020\/wp-json\/wp\/v2\/posts\/17407","targetHints":{"allow":["GET"]}}],"collection":[{"href":"https:\/\/culturas.cc\/congresso2020\/wp-json\/wp\/v2\/posts"}],"about":[{"href":"https:\/\/culturas.cc\/congresso2020\/wp-json\/wp\/v2\/types\/post"}],"author":[{"embeddable":true,"href":"https:\/\/culturas.cc\/congresso2020\/wp-json\/wp\/v2\/users\/137"}],"replies":[{"embeddable":true,"href":"https:\/\/culturas.cc\/congresso2020\/wp-json\/wp\/v2\/comments?post=17407"}],"version-history":[{"count":1,"href":"https:\/\/culturas.cc\/congresso2020\/wp-json\/wp\/v2\/posts\/17407\/revisions"}],"predecessor-version":[{"id":17408,"href":"https:\/\/culturas.cc\/congresso2020\/wp-json\/wp\/v2\/posts\/17407\/revisions\/17408"}],"wp:featuredmedia":[{"embeddable":true,"href":"https:\/\/culturas.cc\/congresso2020\/wp-json\/wp\/v2\/media\/17039"}],"wp:attachment":[{"href":"https:\/\/culturas.cc\/congresso2020\/wp-json\/wp\/v2\/media?parent=17407"}],"wp:term":[{"taxonomy":"category","embeddable":true,"href":"https:\/\/culturas.cc\/congresso2020\/wp-json\/wp\/v2\/categories?post=17407"},{"taxonomy":"post_tag","embeddable":true,"href":"https:\/\/culturas.cc\/congresso2020\/wp-json\/wp\/v2\/tags?post=17407"}],"curies":[{"name":"wp","href":"https:\/\/api.w.org\/{rel}","templated":true}]}}