{"id":17404,"date":"2020-11-19T01:40:00","date_gmt":"2020-11-19T04:40:00","guid":{"rendered":"https:\/\/culturas.cc\/congresso2020\/?p=17404"},"modified":"2020-11-19T01:46:39","modified_gmt":"2020-11-19T04:46:39","slug":"comportamento-do-novo-modelo-de-distribuicao-das-redes-mosquiteiras-aplicado-na-campanha-de-cobertura-universal-em-mocambique-2017","status":"publish","type":"post","link":"https:\/\/culturas.cc\/congresso2020\/17404\/","title":{"rendered":"COMPORTAMENTO DO NOVO MODELO DE DISTRIBUI\u00c7\u00c3O DAS REDES MOSQUITEIRAS, APLICADO NA CAMPANHA DE COBERTURA UNIVERSAL EM MO\u00c7AMBIQUE, 2017"},"content":{"rendered":"\n<p>Inoc\u00eancio Marcos- Quive<sup><strong>1<\/strong><\/sup><br>Carlos Armando Sarr\u00eda P\u00e9rez<sup><strong> 2<\/strong><\/sup><br>Jorge Alexandre Harrison- Arroz<sup><strong> 3<\/strong><\/sup><br>Universidade Zambeze, Faculdade de Ci\u00eancias de Sa\u00fade, Mo\u00e7ambique<\/p>\n\n\n\n<p><strong>RESUMO<\/strong><\/p>\n\n\n\n<p><strong>Introdu\u00e7\u00e3o:<\/strong> Em 2017, realizou-se a Campanha de Cobertura Universal (CCU) onde aplicou- se o novo modelo distribui\u00e7\u00e3o de redes mosquiteira com insecticida de longa dura\u00e7\u00e3o (REMILDs) apos a provincia apresentar baixas coberturas de REMILD em 2015 (cerca de 70% dos agregados familiares (AF) tinham pelo menos uma REMILD e 41,6% dos AF, dormiram debaixo da REMILD), o que significa estar longe da meta estabelecida de 90% AFs com pelo menos uma REMILD.<\/p>\n\n\n\n<p><strong>Objectivo:<\/strong> Este estudo caracteriza o novo modelo de distribui\u00e7\u00e3o de REMILDs, aplicado na Campanha de (CCU) de 2017, na prov\u00edncia de Tete para explicar o seu efeito em rela\u00e7\u00e3o a disponibilidade de REMILDs na comunidade.<\/p>\n\n\n\n<p><strong>Metodologia:<\/strong> Foi conduzido um estudo quantitativo, de natureza descritiva, do tipo observacional e transversal. Da estat\u00edstica univariada, foi estimado o percentual e seus intervalos de confian\u00e7a de 95% para os indicadores de registo correcto. Para encontrar a associa\u00e7\u00e3o entre AFs registados e AFs com posse, foi calculado o coeficiente de correla\u00e7\u00e3o de Pearson (r) e o coeficiente de determina\u00e7\u00e3o (R<sup>2<\/sup>).<\/p>\n\n\n\n<p><strong>Resultados:<\/strong> Dos 3,284 AFs avaliados na fase do registo, 98% foram atribu\u00eddos autocolantes, 99% cup\u00f5es e o crit\u00e9rio de atribui\u00e7\u00e3o de REMILDs estava correcto em 97% respectivamente. Dos AFs registados, 1,086 (97%) tiveram acesso a pelo menos uma REMILD e 1,041 (92,9%) dormiram na REMILD na noite anterior ao inqu\u00e9rito.<\/p>\n\n\n\n<p><strong>Conclus\u00e3o:<\/strong> A CCU com recurso ao novo modelo de distribui\u00e7\u00e3o de REMILDs, garantiu um registo adequado dos AF, tendo contribu\u00eddo para aumento da posse, uso de REMILDs e o progresso para o alcance das metas de cobertura universal na comunidade.<\/p>\n\n\n\n<p><strong>Palavra-Chave: <\/strong>Campanha de cobertura universal; modelo de distribui\u00e7\u00e3o de redes mosquiteiras; Prov\u00edncia de Tete.<\/p>\n\n\n\n<p><strong>BIOGRAFIA:<\/strong> Inoc\u00eancio Marcos Quive<\/p>\n\n\n\n<p>Biologo formado na Universidade Eduardo Mondlane e Mestre em Saude Publica formado na Universidade Zambeze.<\/p>\n\n\n\n<p>Iniciou a trabalhar na Direc\u00e7\u00e3o Provincial de Saude durante 10 anos desde 2007 como Gestor Provincial de Programa de Malaria e actulmente como gestor do Programa integrado da malaria na Chemonics, progecto financiado pela USAID.<\/p>\n\n\n\n<p>Trabalhando estritamente com as autoridades de sa\u00fade nas diferentes \u00e1reas do programa da malaria nomeadamente: Mudan\u00e7a social e de comportamento, preven\u00e7\u00e3o da malaria, \u00e1rea cl\u00ednica e a \u00e1rea de entomologia do mosquito causador da malaria.<\/p>\n\n\n\n<p>Publicou em 2015 no jornal, Malaria Jornal o artigo Household survey of availability of long-lasting insecticide-treated nets and its determinants in rural Mozambique.<\/p>\n\n\n\n<p><em><strong>BIOGRAFIA: <\/strong><\/em>Carlos Armando Sarr\u00eda P\u00e9rez<\/p>\n\n\n\n<p><em><strong>Nivel Universitario<\/strong>:<\/em><br><em>Doctor en Medicina. Instituto Superior de Ciencias M\u00e9dicas de La Habana. Graduado en 1993.<\/em><br><em><strong>Especialista de Segundo Grado en Microbiolog\u00eda<\/strong>. (2002)<\/em><br><em><strong>M\u00e1ster en Parasitolog\u00eda<\/strong>. (1996)<\/em><br><em><strong>M\u00e1ster en Educaci\u00f3n M\u00e9dica <\/strong>(2009)<\/em><br><em><strong>Investigador Agregado <\/strong>(2002)<\/em><br><em><strong>Categor\u00eda Docente<\/strong>: Profesor Auxiliar (2005) Ratificado 2015<\/em><br><em><strong>Categor\u00eda Cient\u00edfica: <\/strong>Investigador Agregado (2003).<\/em><br><em>Miembro de la Sociedad Cubana de Microbiolog\u00eda.<\/em><br><em>Miembro de la Sociedad de Pedagogos de Cuba.<\/em><br><em><strong>Cargo actual<\/strong>: Profesor. Facultad de Ciencias de la Salud. Mozambique. UNIZAMBEZE<\/em><\/p>\n\n\n\n<p><em><strong>EXPERIENCIA INVESTIGATIVA<\/strong><\/em><em>:<\/em><\/p>\n\n\n\n<p><em><u>Instituto de Medicina Tropical \u00a8Pedro Kouri \u00a8<\/u><\/em><\/p>\n\n\n\n<ul class=\"wp-block-list\"><li><em>Identificaci\u00f3n y diagn\u00f3stico parasitol\u00f3gico.<\/em><\/li><li><em>Cultivo de par\u00e1sitos.<\/em><\/li><li><em>Caracterizaci\u00f3n de aislamientos de <\/em><em><strong>Trichomonas vaginalis <\/strong><\/em><em>mediante inyecci\u00f3n intraperitoneal de los par\u00e1sitos en ratones NMRI.<\/em><\/li><li><em>Mantenimiento \u201cin vitro\u201d, axenizaci\u00f3n y criopreservaci\u00f3n de los aislamientos provenientes de los hospitales.<\/em><\/li><li><em>Caracterizaci\u00f3n de aislamientos de<\/em><em><strong> T. vaginalis.<\/strong><\/em><\/li><li><em>Estudios epidemiol\u00f3gicos relacionados con las ITS, en especial de causa parasitaria.<\/em><\/li><\/ul>\n","protected":false},"excerpt":{"rendered":"<p>Inoc\u00eancio Marcos- Quive1<br \/>\nCarlos Armando Sarr\u00eda P\u00e9rez 2<br \/>\nJorge Alexandre Harrison- Arroz 3<br \/>\nUniversidade Zambeze, Faculdade de Ci\u00eancias de Sa\u00fade, Mo\u00e7ambique<\/p>\n","protected":false},"author":137,"featured_media":17042,"comment_status":"open","ping_status":"open","sticky":false,"template":"","format":"standard","meta":{"_bbp_topic_count":0,"_bbp_reply_count":0,"_bbp_total_topic_count":0,"_bbp_total_reply_count":0,"_bbp_voice_count":0,"_bbp_anonymous_reply_count":0,"_bbp_topic_count_hidden":0,"_bbp_reply_count_hidden":0,"_bbp_forum_subforum_count":0,"_jetpack_memberships_contains_paid_content":false,"footnotes":""},"categories":[188,1],"tags":[],"class_list":["post-17404","post","type-post","status-publish","format-standard","has-post-thumbnail","hentry","category-projetos-2","category-resumos"],"jetpack_featured_media_url":"https:\/\/i0.wp.com\/culturas.cc\/congresso2020\/wp-content\/uploads\/sites\/9\/2020\/11\/topo-gt1.jpg?fit=1920%2C450&ssl=1","jetpack_sharing_enabled":true,"_links":{"self":[{"href":"https:\/\/culturas.cc\/congresso2020\/wp-json\/wp\/v2\/posts\/17404","targetHints":{"allow":["GET"]}}],"collection":[{"href":"https:\/\/culturas.cc\/congresso2020\/wp-json\/wp\/v2\/posts"}],"about":[{"href":"https:\/\/culturas.cc\/congresso2020\/wp-json\/wp\/v2\/types\/post"}],"author":[{"embeddable":true,"href":"https:\/\/culturas.cc\/congresso2020\/wp-json\/wp\/v2\/users\/137"}],"replies":[{"embeddable":true,"href":"https:\/\/culturas.cc\/congresso2020\/wp-json\/wp\/v2\/comments?post=17404"}],"version-history":[{"count":2,"href":"https:\/\/culturas.cc\/congresso2020\/wp-json\/wp\/v2\/posts\/17404\/revisions"}],"predecessor-version":[{"id":17406,"href":"https:\/\/culturas.cc\/congresso2020\/wp-json\/wp\/v2\/posts\/17404\/revisions\/17406"}],"wp:featuredmedia":[{"embeddable":true,"href":"https:\/\/culturas.cc\/congresso2020\/wp-json\/wp\/v2\/media\/17042"}],"wp:attachment":[{"href":"https:\/\/culturas.cc\/congresso2020\/wp-json\/wp\/v2\/media?parent=17404"}],"wp:term":[{"taxonomy":"category","embeddable":true,"href":"https:\/\/culturas.cc\/congresso2020\/wp-json\/wp\/v2\/categories?post=17404"},{"taxonomy":"post_tag","embeddable":true,"href":"https:\/\/culturas.cc\/congresso2020\/wp-json\/wp\/v2\/tags?post=17404"}],"curies":[{"name":"wp","href":"https:\/\/api.w.org\/{rel}","templated":true}]}}