{"id":17402,"date":"2020-11-19T01:37:56","date_gmt":"2020-11-19T04:37:56","guid":{"rendered":"https:\/\/culturas.cc\/congresso2020\/?p=17402"},"modified":"2020-11-19T01:46:46","modified_gmt":"2020-11-19T04:46:46","slug":"hipertensao-arterial-entre-estudantes-finalistas-universitarios-da-cidade-de-tete-no-segundo-semestre-de-2018-mocambique","status":"publish","type":"post","link":"https:\/\/culturas.cc\/congresso2020\/17402\/","title":{"rendered":"HIPERTENS\u00c3O ARTERIAL ENTRE ESTUDANTES FINALISTAS UNIVERSIT\u00c1RIOS DA CIDADE DE TETE NO SEGUNDO SEMESTRE DE 2018- MO\u00c7AMBIQUE"},"content":{"rendered":"\n<p>Francisco Loquiha<br>Carlos Armando Sarr\u00eda P\u00e9rez<\/p>\n\n\n\n<p><strong>RESUMO<\/strong><\/p>\n\n\n\n<p>Hipertens\u00e3o arterial (HTA) constitui um problema de sa\u00fade p\u00fablica global e, sem distinguir idade, g\u00e9nero, condi\u00e7\u00e3o social e econ\u00f3mica ou regi\u00e3o geogr\u00e1fica. Por\u00e9m, dados sobre a preval\u00eancia s\u00e3o escassos no pa\u00eds, na prov\u00edncia e na cidade de Tete e em particular entre estudantes universit\u00e1rios. Assim, foi desenvolvida esta pesquisa com objectivo de determinar a preval\u00eancia de hipertens\u00e3o arterial de estudantes universit\u00e1rios finalistas da cidade de Tete, no durante o segundo semestre de 2018.<\/p>\n\n\n\n<p>Foi aplicado um estudo descritivo de corte transversal com abordagem mista, com uma amostra composta de 332 universit\u00e1rios finalistas. Para avaliar a associa\u00e7\u00e3o entre a hipertens\u00e3o arterial e factores demogr\u00e1ficos, uma regress\u00e3o log\u00edstica foi usada onde estimativas ajustadas da raz\u00e3o de chance (RC) e intervalos de confian\u00e7a de 95% (I.C.95%) foram obtidas.<\/p>\n\n\n\n<p>Os resultados indicaram uma preval\u00eancia de HTA de 27% (I.C.95%: 23 \u2013 32%), com tend\u00eancia de aumentar em estudantes com 25 ou mais anos comparativamente aos de 24 ou menos anos (RC= 2, I.C.95%: 1.25 \u2013 3.65) O risco de hipertens\u00e3o arterial nos estudantes do sexo masculino n\u00e3o era estatisticamente diferente do risco nos estudantes do sexo feminino (raz\u00e3o de chance = 0.643, I.C 95%: 0.36\u2013 1.16) quando ajustado a outros factores.<\/p>\n\n\n\n<p>Conclu\u00edmos que estes dados revelam uma elevada preval\u00eancia de HTA, e por se tratar de popula\u00e7\u00e3o jovem constitui preocupa\u00e7\u00e3o ainda maior. \u00c9 fundamental o desenho e implementa\u00e7\u00e3o de um plano de interven\u00e7\u00e3o com ac\u00e7\u00f5es concretas de educa\u00e7\u00e3o e sensibiliza\u00e7\u00e3o da comunidade estudantil.<\/p>\n\n\n\n<p><strong>BIOGRAFIAS<\/strong><\/p>\n\n\n\n<p>Francisco Loquiha, filho de Loquiha Alde e F\u00e1tima Motho, Nascido aos 20 de Abril de 1962, Netia, Monapo, Prov\u00edncia de Nampula, em Mo\u00e7ambique, 1975 fez o ensino Prim\u00e1rio na Escola Prim\u00e1ria Oficial de Netia,1978 concluiu o Ensino Preparat\u00f3rio na Escola 3 de Fevereiro em Nampula, 1981 concluiu o Curso B\u00e1sico de Medicina F\u00edsica e Reabilita\u00e7\u00e3o no Instituto de Ci\u00eancias de Sa\u00fade de Maputo de 1984 concluiu o Ensino Secund\u00e1rio B\u00e1sico Nona Classe Antigo Sistema na Escola Secund\u00e1ria de Tete, 1990 concluiu o Curso M\u00e9dio de Medicina F\u00edsica e Reabilita\u00e7\u00e3o, no Instituto de Ci\u00eancias de Sa\u00fade de Maputo, 2011 concluiu o Curso Superior de Terapia Ocupacional no Instituto Superior de Ciencias de Sa\u00fade de Maputo, 2018 concluiu o Curso de Mestrado em Sa\u00fade na Universidade Zambeze. Docente a tempo inteiro do ISUTE- a Polit\u00e9cnica de Tete. Director Adjunto Cient\u00edfico Pedag\u00f3gico ISUTE.<\/p>\n\n\n\n<p><em><strong>BIOGRAFIA: <\/strong><\/em>Carlos Armando Sarr\u00eda P\u00e9rez<\/p>\n\n\n\n<p><em><strong>Nivel Universitario<\/strong>:<\/em><br><em>Doctor en Medicina. Instituto Superior de Ciencias M\u00e9dicas de La Habana. Graduado en 1993.<\/em><br><em><strong>Especialista de Segundo Grado en Microbiolog\u00eda<\/strong>. (2002)<\/em><br><em><strong>M\u00e1ster en Parasitolog\u00eda<\/strong>. (1996)<\/em><br><em><strong>M\u00e1ster en Educaci\u00f3n M\u00e9dica <\/strong>(2009)<\/em><br><em><strong>Investigador Agregado <\/strong>(2002)<\/em><br><em><strong>Categor\u00eda Docente<\/strong>: Profesor Auxiliar (2005) Ratificado 2015<\/em><br><em><strong>Categor\u00eda Cient\u00edfica: <\/strong>Investigador Agregado (2003).<\/em><br><em>Miembro de la Sociedad Cubana de Microbiolog\u00eda.<\/em><br><em>Miembro de la Sociedad de Pedagogos de Cuba.<\/em><br><em><strong>Cargo actual<\/strong>: Profesor. Facultad de Ciencias de la Salud. Mozambique. UNIZAMBEZE<\/em><\/p>\n\n\n\n<p><em><strong>EXPERIENCIA INVESTIGATIVA<\/strong><\/em><em>:<\/em><\/p>\n\n\n\n<p><em><u>Instituto de Medicina Tropical \u00a8Pedro Kouri \u00a8<\/u><\/em><\/p>\n\n\n\n<ul class=\"wp-block-list\"><li><em>Identificaci\u00f3n y diagn\u00f3stico parasitol\u00f3gico.<\/em><\/li><li><em>Cultivo de par\u00e1sitos.<\/em><\/li><li><em>Caracterizaci\u00f3n de aislamientos de <\/em><em><strong>Trichomonas vaginalis <\/strong><\/em><em>mediante inyecci\u00f3n intraperitoneal de los par\u00e1sitos en ratones NMRI.<\/em><\/li><li><em>Mantenimiento \u201cin vitro\u201d, axenizaci\u00f3n y criopreservaci\u00f3n de los aislamientos provenientes de los hospitales.<\/em><\/li><li><em>Caracterizaci\u00f3n de aislamientos de<\/em><em><strong> T. vaginalis.<\/strong><\/em><\/li><li><em>Estudios epidemiol\u00f3gicos relacionados con las ITS, en especial de causa parasitaria.<\/em><\/li><\/ul>\n\n\n\n<p><\/p>\n","protected":false},"excerpt":{"rendered":"<p>Francisco Loquiha<br \/>\nCarlos Armando Sarr\u00eda P\u00e9rez<\/p>\n","protected":false},"author":137,"featured_media":17040,"comment_status":"open","ping_status":"open","sticky":false,"template":"","format":"standard","meta":{"_bbp_topic_count":0,"_bbp_reply_count":0,"_bbp_total_topic_count":0,"_bbp_total_reply_count":0,"_bbp_voice_count":0,"_bbp_anonymous_reply_count":0,"_bbp_topic_count_hidden":0,"_bbp_reply_count_hidden":0,"_bbp_forum_subforum_count":0,"_jetpack_memberships_contains_paid_content":false,"footnotes":""},"categories":[188,1],"tags":[],"class_list":["post-17402","post","type-post","status-publish","format-standard","has-post-thumbnail","hentry","category-projetos-2","category-resumos"],"jetpack_featured_media_url":"https:\/\/i0.wp.com\/culturas.cc\/congresso2020\/wp-content\/uploads\/sites\/9\/2020\/11\/topo-gt5.jpg?fit=1920%2C450&ssl=1","jetpack_sharing_enabled":true,"_links":{"self":[{"href":"https:\/\/culturas.cc\/congresso2020\/wp-json\/wp\/v2\/posts\/17402","targetHints":{"allow":["GET"]}}],"collection":[{"href":"https:\/\/culturas.cc\/congresso2020\/wp-json\/wp\/v2\/posts"}],"about":[{"href":"https:\/\/culturas.cc\/congresso2020\/wp-json\/wp\/v2\/types\/post"}],"author":[{"embeddable":true,"href":"https:\/\/culturas.cc\/congresso2020\/wp-json\/wp\/v2\/users\/137"}],"replies":[{"embeddable":true,"href":"https:\/\/culturas.cc\/congresso2020\/wp-json\/wp\/v2\/comments?post=17402"}],"version-history":[{"count":1,"href":"https:\/\/culturas.cc\/congresso2020\/wp-json\/wp\/v2\/posts\/17402\/revisions"}],"predecessor-version":[{"id":17403,"href":"https:\/\/culturas.cc\/congresso2020\/wp-json\/wp\/v2\/posts\/17402\/revisions\/17403"}],"wp:featuredmedia":[{"embeddable":true,"href":"https:\/\/culturas.cc\/congresso2020\/wp-json\/wp\/v2\/media\/17040"}],"wp:attachment":[{"href":"https:\/\/culturas.cc\/congresso2020\/wp-json\/wp\/v2\/media?parent=17402"}],"wp:term":[{"taxonomy":"category","embeddable":true,"href":"https:\/\/culturas.cc\/congresso2020\/wp-json\/wp\/v2\/categories?post=17402"},{"taxonomy":"post_tag","embeddable":true,"href":"https:\/\/culturas.cc\/congresso2020\/wp-json\/wp\/v2\/tags?post=17402"}],"curies":[{"name":"wp","href":"https:\/\/api.w.org\/{rel}","templated":true}]}}