{"id":17400,"date":"2020-11-19T01:33:54","date_gmt":"2020-11-19T04:33:54","guid":{"rendered":"https:\/\/culturas.cc\/congresso2020\/?p=17400"},"modified":"2020-11-19T01:46:52","modified_gmt":"2020-11-19T04:46:52","slug":"crises-guerras-epidemias-e-pandemias-mundiais-e-brasileiras-ao-longo-dos-seculos-e-os-efeitos-nos-cenarios-da-educacao-cultura-turismo-e-eventos","status":"publish","type":"post","link":"https:\/\/culturas.cc\/congresso2020\/17400\/","title":{"rendered":"Crises, guerras, epidemias e pandemias mundiais e brasileiras ao longo dos s\u00e9culos e os efeitos nos cen\u00e1rios da Educa\u00e7\u00e3o, Cultura, Turismo e Eventos"},"content":{"rendered":"\n<p>Julia Torres dos Santos<\/p>\n\n\n\n<p>O projeto de pesquisa Crises, Guerras, Epidemias e Pandemias Mundiais ao Longo dos S\u00e9culos e os Efeitos nos Cen\u00e1rios da Educa\u00e7\u00e3o, Cultura, Turismo e Eventos \u00e9 uma iniciativa independente de quatro educadores: Julia Torres dos Santos (org.), Ednilson da Silva Andrade, Cristina Am\u00e9lia Vasconcelos Nunes de Oliveira e Rodrigo Vieira, motivados pelo dif\u00edcil momento mundial de pandemia com o surgimento da COVID19 e suas inquieta\u00e7\u00f5es, principalmente em suas \u00e1reas de atua\u00e7\u00e3o: Educa\u00e7\u00e3o, Produ\u00e7\u00f5es Culturais, Eventos e Turismo. Os resultados esperados ser\u00e3o apresentados em formato de <em>E-book<\/em> e <em>lives<\/em> &#8211; discuss\u00f5es em formato digital. As metodologias de pesquisa ser\u00e3o as revis\u00f5es bibliogr\u00e1ficas e documentais, a fim de gerar avalia\u00e7\u00f5es cronol\u00f3gicas da hist\u00f3rica em tempo de crises, guerras, epidemias e pandemias mundiais ao longo dos s\u00e9culos e em especial, no Brasil. Avaliando as mudan\u00e7as de h\u00e1bitos, costumes e enfrentamentos atrav\u00e9s de t\u00e9cnicas durante e ap\u00f3s tais momentos. Dialogando com autores como Raymond Williams (1992), Eneida Leal Cunha (2009), Teixeira Coelho (2008), Terry Eagleton (2005), Pierre Bordieu (2007 que conceituaram o campo cultural; Jos\u00e9 M\u00e1rcio Barros (1993), Isaura Botelho (2001) sobre as dimens\u00f5es da cultura; Stuart Hall (1997) que avalia a educa\u00e7\u00e3o no campo da cultura e vice versa e Zygmunt Bauman (1998) que nos fornece conceitos para o cen\u00e1rio atual da pandemia por COVID19. Espera \u2013 se, ainda, contribuir com pesquisas correlatas, promover trocas de experi\u00eancias em inova\u00e7\u00f5es e tecnologias, fortalecer produtos e servi\u00e7os, individualmente e, principalmente, em formato de redes colaborativas. Para o Congresso Nacional sobre Culturas se pretende apresentar os resultados preliminares e, e assim, atrair apoios em sua finaliza\u00e7\u00e3o e publica\u00e7\u00e3o em E-Book, bem como execu\u00e7\u00f5es das apresenta\u00e7\u00f5es em formato digital distribu\u00eddas em aspectos dos conte\u00fados.<\/p>\n","protected":false},"excerpt":{"rendered":"<p>Julia Torres dos Santos<\/p>\n","protected":false},"author":137,"featured_media":17039,"comment_status":"open","ping_status":"open","sticky":false,"template":"","format":"standard","meta":{"_bbp_topic_count":0,"_bbp_reply_count":0,"_bbp_total_topic_count":0,"_bbp_total_reply_count":0,"_bbp_voice_count":0,"_bbp_anonymous_reply_count":0,"_bbp_topic_count_hidden":0,"_bbp_reply_count_hidden":0,"_bbp_forum_subforum_count":0,"_jetpack_memberships_contains_paid_content":false,"footnotes":""},"categories":[188,1],"tags":[],"class_list":["post-17400","post","type-post","status-publish","format-standard","has-post-thumbnail","hentry","category-projetos-2","category-resumos"],"jetpack_featured_media_url":"https:\/\/i0.wp.com\/culturas.cc\/congresso2020\/wp-content\/uploads\/sites\/9\/2020\/11\/topo-gt3.jpg?fit=1920%2C450&ssl=1","jetpack_sharing_enabled":true,"_links":{"self":[{"href":"https:\/\/culturas.cc\/congresso2020\/wp-json\/wp\/v2\/posts\/17400","targetHints":{"allow":["GET"]}}],"collection":[{"href":"https:\/\/culturas.cc\/congresso2020\/wp-json\/wp\/v2\/posts"}],"about":[{"href":"https:\/\/culturas.cc\/congresso2020\/wp-json\/wp\/v2\/types\/post"}],"author":[{"embeddable":true,"href":"https:\/\/culturas.cc\/congresso2020\/wp-json\/wp\/v2\/users\/137"}],"replies":[{"embeddable":true,"href":"https:\/\/culturas.cc\/congresso2020\/wp-json\/wp\/v2\/comments?post=17400"}],"version-history":[{"count":1,"href":"https:\/\/culturas.cc\/congresso2020\/wp-json\/wp\/v2\/posts\/17400\/revisions"}],"predecessor-version":[{"id":17401,"href":"https:\/\/culturas.cc\/congresso2020\/wp-json\/wp\/v2\/posts\/17400\/revisions\/17401"}],"wp:featuredmedia":[{"embeddable":true,"href":"https:\/\/culturas.cc\/congresso2020\/wp-json\/wp\/v2\/media\/17039"}],"wp:attachment":[{"href":"https:\/\/culturas.cc\/congresso2020\/wp-json\/wp\/v2\/media?parent=17400"}],"wp:term":[{"taxonomy":"category","embeddable":true,"href":"https:\/\/culturas.cc\/congresso2020\/wp-json\/wp\/v2\/categories?post=17400"},{"taxonomy":"post_tag","embeddable":true,"href":"https:\/\/culturas.cc\/congresso2020\/wp-json\/wp\/v2\/tags?post=17400"}],"curies":[{"name":"wp","href":"https:\/\/api.w.org\/{rel}","templated":true}]}}