{"id":17319,"date":"2020-11-18T11:01:14","date_gmt":"2020-11-18T14:01:14","guid":{"rendered":"https:\/\/culturas.cc\/congresso2020\/?p=17319"},"modified":"2020-11-18T11:11:31","modified_gmt":"2020-11-18T14:11:31","slug":"somente-em-cores-luz-visita-guiada-a-uma-exposicao-que-nao-aconteceu","status":"publish","type":"post","link":"https:\/\/culturas.cc\/congresso2020\/17319\/","title":{"rendered":"Somente em Cores-Luz: Visita Guiada \u00e0 uma Exposi\u00e7\u00e3o que N\u00e3o Aconteceu"},"content":{"rendered":"\n<p>Luciana Silveira<\/p>\n\n\n\n<p>N\u00e3o fosse a pandemia instalada pela COVID-19, no dia 16 de mar\u00e7o de 2020, eu, Luciana Silveira, juntamente com a equipe de montagem de exposi\u00e7\u00f5es do MUMA (Museu Municipal de Arte, do Port\u00e3o Cultural de Curitiba-PR), ter\u00edamos montado a minha Exposi\u00e7\u00e3o Individual de artes visuais que denominei, \u00e0 \u00e9poca, Afluxos. A montagem n\u00e3o aconteceu, a abertura n\u00e3o aconteceu, enfim, a exposi\u00e7\u00e3o n\u00e3o aconteceu. Devido \u00e0 presen\u00e7a do v\u00edrus, pois se trata de um ambiente f\u00edsico dentro de um Museu Metropolitano onde as exposi\u00e7\u00f5es de artes visuais causam aglomera\u00e7\u00e3o de pessoas, aumentando significativamente o risco de cont\u00e1gio, se descortinou um mundo angustiado, parte pela frustra\u00e7\u00e3o, parte pela no\u00e7\u00e3o de um futuro sem futuro. Estando em isolamento social, privilegiado devo dizer, fiquei isolada, juntamente com todas as obras que seriam expostas, dentro da minha casa e ateli\u00ea. Vendo-me nesta situa\u00e7\u00e3o, tive a ideia de propor uma Live, aonde pudesse criar um ambiente virtual de exposi\u00e7\u00e3o, justamente com as obras que seriam expostas. Comecei ent\u00e3o a trabalhar em uma exposi\u00e7\u00e3o online, sendo que a proposta para esta Apresenta\u00e7\u00e3o Art\u00edstica \u00e9 de uma Visita Guiada \u00e0 essa exposi\u00e7\u00e3o. O objetivo desta Visita Guiada \u00e9 levar os visitantes e as visitantes a experienciar, de forma virtual e em cores-luz, as obras que seriam expostas, al\u00e9m de oferecer tamb\u00e9m a experi\u00eancia dos processos de materializa\u00e7\u00e3o de cada uma delas, em pequenos videos produzidos, que demonstram o tempo da pintura e da pesquisa po\u00e9tica.\u00a0 Desenvolvi um roteiro para essa Visita Guiada, baseando-me na disposi\u00e7\u00e3o que as obras estariam no espa\u00e7o do Museu, mas tamb\u00e9m proporcionando, diante de cada obra, um espa\u00e7o para mostrar com imagens de video, a fatura de cada trabalho e a rela\u00e7\u00e3o que existe entre um trabalho e outro. S\u00e3o 42 trabalhos de pintura de v\u00e1rios tamanhos, em tinta acr\u00edlica sobre tela, e 10 trabalhos em aquarela sobre papel em grandes formatos. Certamente haver\u00e1, realizando essa Visita Guiada, uma diminui\u00e7\u00e3o da minha frustra\u00e7\u00e3o e ang\u00fastia por n\u00e3o ter aberto a Exposi\u00e7\u00e3o presencialmente, ao mesmo tempo que h\u00e1 a descoberta de uma outra media\u00e7\u00e3o poss\u00edvel, me colocando diante da intera\u00e7\u00e3o com um p\u00fablico que eu n\u00e3o teria acesso a partir do Museu.<\/p>\n\n\n\n<h2 class=\"wp-block-heading\">Assista a exposi\u00e7\u00e3o:<\/h2>\n\n\n\n<p>(*) N\u00e3o foi poss\u00edvel inserir o v\u00eddeo nesta p\u00e1gina por restri\u00e7\u00f5es do Youtube. Mas voc\u00ea pode conferi-lo no link abaixo:<\/p>\n\n\n\n<p><a href=\"https:\/\/youtu.be\/iRHlqdJx6-c\">https:\/\/youtu.be\/iRHlqdJx6-c<\/a><\/p>\n\n\n\n<p>Luciana Martha Silveira \u00e9 graduada em Educa\u00e7\u00e3o Art\u00edstica pela UNICAMP, tem mestrado em Multimeios tamb\u00e9m pela UNICAMP e doutorado em Comunica\u00e7\u00e3o e Semi\u00f3tica pela PUC-SP. Em seu p\u00f3s-doutorado pela Universidade de Michigan (USA), escreveu um livro intitulado \u00a8Introdu\u00e7\u00e3o \u00e0 Teoria da Cor\u00a8, publicado pela editora UTFPR (2015, 2a. edi\u00e7\u00e3o). H\u00e1 mais de 20 anos \u00e9 professora da UTFPR (Universidade Tecnol\u00f3gica Federal do Paran\u00e1), trabalhando na gradua\u00e7\u00e3o em Design e no Programa de P\u00f3s-Gradua\u00e7\u00e3o em Tecnologia e Sociedade PPGTE, Linha de pesquisa Media\u00e7\u00f5es e Culturas, pesquisando e orientando trabalhos nas rela\u00e7\u00f5es entre Arte e Tecnologia. \u00c9 artista visual, sendo seu trabalho art\u00edstico voltado para a pintura em aquarela de grandes formatos, participando de exposi\u00e7\u00f5es.<\/p>\n","protected":false},"excerpt":{"rendered":"<p>Luciana Silveira<\/p>\n","protected":false},"author":137,"featured_media":17320,"comment_status":"open","ping_status":"open","sticky":false,"template":"","format":"standard","meta":{"_bbp_topic_count":0,"_bbp_reply_count":0,"_bbp_total_topic_count":0,"_bbp_total_reply_count":0,"_bbp_voice_count":0,"_bbp_anonymous_reply_count":0,"_bbp_topic_count_hidden":0,"_bbp_reply_count_hidden":0,"_bbp_forum_subforum_count":0,"_jetpack_memberships_contains_paid_content":false,"footnotes":""},"categories":[189,1],"tags":[],"class_list":["post-17319","post","type-post","status-publish","format-standard","has-post-thumbnail","hentry","category-artes","category-resumos"],"jetpack_featured_media_url":"https:\/\/i0.wp.com\/culturas.cc\/congresso2020\/wp-content\/uploads\/sites\/9\/2020\/11\/somente-em-cores-luz-visita-guiada-uma-exposi-o-que-n-o-aconteceu.jpg?fit=1280%2C720&ssl=1","jetpack_sharing_enabled":true,"_links":{"self":[{"href":"https:\/\/culturas.cc\/congresso2020\/wp-json\/wp\/v2\/posts\/17319","targetHints":{"allow":["GET"]}}],"collection":[{"href":"https:\/\/culturas.cc\/congresso2020\/wp-json\/wp\/v2\/posts"}],"about":[{"href":"https:\/\/culturas.cc\/congresso2020\/wp-json\/wp\/v2\/types\/post"}],"author":[{"embeddable":true,"href":"https:\/\/culturas.cc\/congresso2020\/wp-json\/wp\/v2\/users\/137"}],"replies":[{"embeddable":true,"href":"https:\/\/culturas.cc\/congresso2020\/wp-json\/wp\/v2\/comments?post=17319"}],"version-history":[{"count":2,"href":"https:\/\/culturas.cc\/congresso2020\/wp-json\/wp\/v2\/posts\/17319\/revisions"}],"predecessor-version":[{"id":17322,"href":"https:\/\/culturas.cc\/congresso2020\/wp-json\/wp\/v2\/posts\/17319\/revisions\/17322"}],"wp:featuredmedia":[{"embeddable":true,"href":"https:\/\/culturas.cc\/congresso2020\/wp-json\/wp\/v2\/media\/17320"}],"wp:attachment":[{"href":"https:\/\/culturas.cc\/congresso2020\/wp-json\/wp\/v2\/media?parent=17319"}],"wp:term":[{"taxonomy":"category","embeddable":true,"href":"https:\/\/culturas.cc\/congresso2020\/wp-json\/wp\/v2\/categories?post=17319"},{"taxonomy":"post_tag","embeddable":true,"href":"https:\/\/culturas.cc\/congresso2020\/wp-json\/wp\/v2\/tags?post=17319"}],"curies":[{"name":"wp","href":"https:\/\/api.w.org\/{rel}","templated":true}]}}