{"id":17315,"date":"2020-11-18T10:54:29","date_gmt":"2020-11-18T13:54:29","guid":{"rendered":"https:\/\/culturas.cc\/congresso2020\/?p=17315"},"modified":"2020-11-18T10:56:25","modified_gmt":"2020-11-18T13:56:25","slug":"documentario-danilo-viconia","status":"publish","type":"post","link":"https:\/\/culturas.cc\/congresso2020\/17315\/","title":{"rendered":"Document\u00e1rio: Danilo &#038; Viconia"},"content":{"rendered":"\n<p><strong>Dire\u00e7\u00e3o Izabela Alcantara&nbsp;<\/strong><\/p>\n\n\n\n<h2 class=\"wp-block-heading\"><strong>Resumo:<\/strong><\/h2>\n\n\n\n<p>O document\u00e1rio <strong>Danilo &amp; Viconia&nbsp; <\/strong>&nbsp;dedicado ao meu grande amigo, Danilo Castro, que d\u00e1 vida a personagem hora liter\u00e1ria, hora pertencente ao seu corpo e alma, Viconia Hart. Este curta busca transparecer a mais pura sentimentalidade do privado mundo literal de Viconia em Danilo e de Danilo em Viconia, um entrelace rizom\u00e1tico entre performance e performatividade de g\u00eanero, cujo aspecto central \u00e9 a forma que percebemos o corpo como plataforma de rasuras da norma.&nbsp;<\/p>\n\n\n\n<p>Um document\u00e1rio perform\u00e1tico filmado, produzido, editado por uma s\u00f3 cineasta dentro de casa como forma de transparecer a potencialidade criativa e art\u00edstica nesta realidade que estamos vivendo. E como esta contemporaneidade fez surgir as possibilidades de amplia\u00e7\u00e3o dos universos particulares das pessoas que convivemos.&nbsp;<\/p>\n\n\n\n<p>O que nasce a partir do distanciamento para al\u00e9m do caos e das ang\u00fastias, \u00e9 a arte que salva e transforma.\u00a0<\/p>\n\n\n\n<figure class=\"wp-block-embed-youtube wp-block-embed is-type-video is-provider-youtube wp-embed-aspect-16-9 wp-has-aspect-ratio\"><div class=\"wp-block-embed__wrapper\">\n<iframe loading=\"lazy\" title=\"Danilo &amp; Viconia - Dire\u00e7\u00e3o Izabela Alcantara.\" width=\"500\" height=\"281\" src=\"https:\/\/www.youtube.com\/embed\/16qcjtj6Dis?feature=oembed\" frameborder=\"0\" allow=\"accelerometer; autoplay; clipboard-write; encrypted-media; gyroscope; picture-in-picture; web-share\" referrerpolicy=\"strict-origin-when-cross-origin\" allowfullscreen><\/iframe>\n<\/div><\/figure>\n\n\n\n<h2 class=\"wp-block-heading\"><strong>Resumo da proponente:&nbsp;<\/strong><\/h2>\n\n\n\n<p><strong>Izabela Santana de Alcantara<\/strong><\/p>\n\n\n\n<p>\u00c9 uma multiartista, arte educadora, feminista, pesquisadora de Semi\u00f3tica, Comunica\u00e7\u00e3o e G\u00eanero. Tamb\u00e9m atua como cineasta, editora audiovisual, produtora, idealizadora de projetos, poetisa, al\u00e9m de ser mediadora em oficinas art\u00edsticas e performar como Drag Queen.&nbsp; Formada em Comunica\u00e7\u00e3o Social Publicidade e Propaganda (UNIFACS, 2017), e Bacharelado Interdisciplinar em Artes com \u00eanfase em Cinema e Audiovisual (UFBA, 2017), P\u00f3s-Graduada em Comunica\u00e7\u00e3o e Marketing digital, Web Jornalismo e Novas M\u00eddias (UCSAL, 2020), Mestranda do Programa Multidisciplinar de P\u00f3s-Gradua\u00e7\u00e3o em Cultura e Sociedade (UFBA), e estudante de Jornalismo (UFBA).&nbsp;<\/p>\n","protected":false},"excerpt":{"rendered":"<p>Dire\u00e7\u00e3o Izabela Alcantara <\/p>\n","protected":false},"author":137,"featured_media":17316,"comment_status":"open","ping_status":"open","sticky":false,"template":"","format":"standard","meta":{"_bbp_topic_count":0,"_bbp_reply_count":0,"_bbp_total_topic_count":0,"_bbp_total_reply_count":0,"_bbp_voice_count":0,"_bbp_anonymous_reply_count":0,"_bbp_topic_count_hidden":0,"_bbp_reply_count_hidden":0,"_bbp_forum_subforum_count":0,"_jetpack_memberships_contains_paid_content":false,"footnotes":""},"categories":[189,1],"tags":[],"class_list":["post-17315","post","type-post","status-publish","format-standard","has-post-thumbnail","hentry","category-artes","category-resumos"],"jetpack_featured_media_url":"https:\/\/i0.wp.com\/culturas.cc\/congresso2020\/wp-content\/uploads\/sites\/9\/2020\/11\/document-rio-danilo-viconia.jpg?fit=1280%2C720&ssl=1","jetpack_sharing_enabled":true,"_links":{"self":[{"href":"https:\/\/culturas.cc\/congresso2020\/wp-json\/wp\/v2\/posts\/17315","targetHints":{"allow":["GET"]}}],"collection":[{"href":"https:\/\/culturas.cc\/congresso2020\/wp-json\/wp\/v2\/posts"}],"about":[{"href":"https:\/\/culturas.cc\/congresso2020\/wp-json\/wp\/v2\/types\/post"}],"author":[{"embeddable":true,"href":"https:\/\/culturas.cc\/congresso2020\/wp-json\/wp\/v2\/users\/137"}],"replies":[{"embeddable":true,"href":"https:\/\/culturas.cc\/congresso2020\/wp-json\/wp\/v2\/comments?post=17315"}],"version-history":[{"count":2,"href":"https:\/\/culturas.cc\/congresso2020\/wp-json\/wp\/v2\/posts\/17315\/revisions"}],"predecessor-version":[{"id":17318,"href":"https:\/\/culturas.cc\/congresso2020\/wp-json\/wp\/v2\/posts\/17315\/revisions\/17318"}],"wp:featuredmedia":[{"embeddable":true,"href":"https:\/\/culturas.cc\/congresso2020\/wp-json\/wp\/v2\/media\/17316"}],"wp:attachment":[{"href":"https:\/\/culturas.cc\/congresso2020\/wp-json\/wp\/v2\/media?parent=17315"}],"wp:term":[{"taxonomy":"category","embeddable":true,"href":"https:\/\/culturas.cc\/congresso2020\/wp-json\/wp\/v2\/categories?post=17315"},{"taxonomy":"post_tag","embeddable":true,"href":"https:\/\/culturas.cc\/congresso2020\/wp-json\/wp\/v2\/tags?post=17315"}],"curies":[{"name":"wp","href":"https:\/\/api.w.org\/{rel}","templated":true}]}}