{"id":17309,"date":"2020-11-18T10:50:13","date_gmt":"2020-11-18T13:50:13","guid":{"rendered":"https:\/\/culturas.cc\/congresso2020\/?p=17309"},"modified":"2020-11-18T11:07:56","modified_gmt":"2020-11-18T14:07:56","slug":"s-o-n-o-r-a_01-a-arte-de-sons-de-may-hd-junix-11","status":"publish","type":"post","link":"https:\/\/culturas.cc\/congresso2020\/17309\/","title":{"rendered":"S O N O R A_01 a arte de sons de may hd + junix 11"},"content":{"rendered":"\n<p>O netv\u00eddeo S O N O R A_01 &#8211; a arte de sons de may hd + junix 11, de Cl\u00e1udio Manoel Duarte, com edi\u00e7\u00e3o de Gleydson P\u00fablio, traz depoimentos da artista sonora e visual may hd e do m\u00fasico junix 11, que atuam em duo. O v\u00eddeo utiliza continuamente da est\u00e9tica da glitch art, numa refer\u00eancia \u00e0 videoarte na d\u00e9cada de 70 e \u00e0 produ\u00e7\u00e3o de distor\u00e7\u00f5es e efeitos nas imagens eletr\u00f4nicas do vhs. A id\u00e9ia \u00e9 conectar-se com a proposta da dupla, que constroem sonoridades que permeia a arte sonora e a m\u00fasica experimental, em sua est\u00e9tica que incorpora o noise (o ru\u00eddo) como elemento do criativo. Ru\u00eddos imag\u00e9ticos e sonoros se encontram entremeados pelas entrevistas de may hd e junix, que conceituam e descrevem os processos criativos de sua arte.&nbsp;<\/p>\n\n\n\n<p>O netv\u00eddeo, com um pouco mais de 11 minutos, tem aplica\u00e7\u00e3o de licen\u00e7a CC para uso livre e sem fins comerciais e pode ser acessado no Youtube, onde constam cerca de outros 40 filmes, a maioria realizados atrav\u00e9s da produtora O Imagin\u00e1rio \u00e9 TV. Faz parte da est\u00e9tica de Cl\u00e1udio Manoel Duarte esses netv\u00eddeos, produzidos para circular livremente em redes telem\u00e1ticas (de forma n\u00e3o comercial) e que s\u00e3o apoiados no uso de pouqu\u00edssimos equipamentos de grava\u00e7\u00e3o e como pr\u00e1tica DiY (fa\u00e7a voc\u00ea mesmo), mesclando campos da videoarte, jornalismo televisivo e filmes de curtas-metragens, com a inten\u00e7\u00e3o de registrar e tornar p\u00fablico experi\u00eancias de arte, principalmente. As loca\u00e7\u00f5es foram realizadas em dezembro de 2019 (antes da pandemia), sendo o v\u00eddeo editado e p\u00f3s-produzido em maio 2020.<\/p>\n\n\n\n<figure class=\"wp-block-embed-youtube wp-block-embed is-type-video is-provider-youtube wp-embed-aspect-16-9 wp-has-aspect-ratio\"><div class=\"wp-block-embed__wrapper\">\n<iframe loading=\"lazy\" title=\"SONORA_01 (a arte de sons de may hd + junix 11)\" width=\"500\" height=\"281\" src=\"https:\/\/www.youtube.com\/embed\/FbV9qu8iMwo?feature=oembed\" frameborder=\"0\" allow=\"accelerometer; autoplay; clipboard-write; encrypted-media; gyroscope; picture-in-picture; web-share\" referrerpolicy=\"strict-origin-when-cross-origin\" allowfullscreen><\/iframe>\n<\/div><\/figure>\n\n\n\n<h2 class=\"wp-block-heading\">Ficha T\u00e9cnica:<\/h2>\n\n\n\n<p>S O N O R A_01 &#8211; a arte de sons de may hd + junix 11<br>11\u201947\u201d<br>Dire\u00e7\u00e3o\/c\u00e2mera: Cl\u00e1udio Manoel Duarte&nbsp;<br>Edi\u00e7\u00e3o: Gleydson P\u00fablio&nbsp;<br>Efeitos\/distor\u00e7\u00f5es de Gleydson P\u00fablio&nbsp;<br>Sample\u200bs\u200b de v\u00eddeos: Performance may hd + junix 11 (M\u00fasica Ins\u00f3lita V\u00eddeo Performance\/2020) Performance stay home may hd + junix 11\u200b&nbsp;<br>Gravado e editado em Salvador, Brasil Maio\/2020<\/p>\n","protected":false},"excerpt":{"rendered":"<p>11\u201947\u201d<br \/>\nDire\u00e7\u00e3o\/c\u00e2mera: Cl\u00e1udio Manoel Duarte <\/p>\n","protected":false},"author":137,"featured_media":17310,"comment_status":"open","ping_status":"open","sticky":false,"template":"","format":"standard","meta":{"_bbp_topic_count":0,"_bbp_reply_count":0,"_bbp_total_topic_count":0,"_bbp_total_reply_count":0,"_bbp_voice_count":0,"_bbp_anonymous_reply_count":0,"_bbp_topic_count_hidden":0,"_bbp_reply_count_hidden":0,"_bbp_forum_subforum_count":0,"_jetpack_memberships_contains_paid_content":false,"footnotes":""},"categories":[189,1],"tags":[],"class_list":["post-17309","post","type-post","status-publish","format-standard","has-post-thumbnail","hentry","category-artes","category-resumos"],"jetpack_featured_media_url":"https:\/\/i0.wp.com\/culturas.cc\/congresso2020\/wp-content\/uploads\/sites\/9\/2020\/11\/s-o-n-o-r-a-01-a-arte-de-sons-de-may-hd-junix-11.jpg?fit=1280%2C720&ssl=1","jetpack_sharing_enabled":true,"_links":{"self":[{"href":"https:\/\/culturas.cc\/congresso2020\/wp-json\/wp\/v2\/posts\/17309","targetHints":{"allow":["GET"]}}],"collection":[{"href":"https:\/\/culturas.cc\/congresso2020\/wp-json\/wp\/v2\/posts"}],"about":[{"href":"https:\/\/culturas.cc\/congresso2020\/wp-json\/wp\/v2\/types\/post"}],"author":[{"embeddable":true,"href":"https:\/\/culturas.cc\/congresso2020\/wp-json\/wp\/v2\/users\/137"}],"replies":[{"embeddable":true,"href":"https:\/\/culturas.cc\/congresso2020\/wp-json\/wp\/v2\/comments?post=17309"}],"version-history":[{"count":2,"href":"https:\/\/culturas.cc\/congresso2020\/wp-json\/wp\/v2\/posts\/17309\/revisions"}],"predecessor-version":[{"id":17324,"href":"https:\/\/culturas.cc\/congresso2020\/wp-json\/wp\/v2\/posts\/17309\/revisions\/17324"}],"wp:featuredmedia":[{"embeddable":true,"href":"https:\/\/culturas.cc\/congresso2020\/wp-json\/wp\/v2\/media\/17310"}],"wp:attachment":[{"href":"https:\/\/culturas.cc\/congresso2020\/wp-json\/wp\/v2\/media?parent=17309"}],"wp:term":[{"taxonomy":"category","embeddable":true,"href":"https:\/\/culturas.cc\/congresso2020\/wp-json\/wp\/v2\/categories?post=17309"},{"taxonomy":"post_tag","embeddable":true,"href":"https:\/\/culturas.cc\/congresso2020\/wp-json\/wp\/v2\/tags?post=17309"}],"curies":[{"name":"wp","href":"https:\/\/api.w.org\/{rel}","templated":true}]}}