{"id":17306,"date":"2020-11-18T10:48:02","date_gmt":"2020-11-18T13:48:02","guid":{"rendered":"https:\/\/culturas.cc\/congresso2020\/?p=17306"},"modified":"2020-11-18T11:11:39","modified_gmt":"2020-11-18T14:11:39","slug":"coletivo-novos-cachoeiranos","status":"publish","type":"post","link":"https:\/\/culturas.cc\/congresso2020\/17306\/","title":{"rendered":"COLETIVO NOVOS CACHOEIRANOS"},"content":{"rendered":"\n<p>Resgatando sonoridades do Rec\u00f4ncavo Baiano, e com 15 minutos de dura\u00e7\u00e3o, o netvideo Coletivo Novos Cachoeiranos, de Cl\u00e1udio Manoel Duarte, com edi\u00e7\u00e3o de Gleydson P\u00fablio, \u00e9 um registro das id\u00e9ias que movem o coletivo musical que pesquisa e produz m\u00fasica no Rec\u00f4ncavo Baiano, sob a orienta\u00e7\u00e3o do maestro e professor da UFRB S\u00f3lon Mendes. Gravado na cidade hist\u00f3rica de Cachoeira, o document\u00e1rio mostra o cotidiano de ensaios do grupo, formado principalmente por jovens m\u00fasicos da regi\u00e3o.&nbsp;<\/p>\n\n\n\n<p>O filme intercala depoimentos do maestro S\u00f3lon com falas de alguns jovens m\u00fasicos: Victor Souza (saxofone), Filipe Passos (flautista) e J\u00falia Gomes (trompete). A c\u00e2mera e gui\u00e3o \u00e9 tamb\u00e9m do diretor Cl\u00e1udio Manoel, que utiliza de narrativa documental. No v\u00eddeo, clipes de fotos still dos fot\u00f3grafos Marcos Sandes, Vin\u00edcius Castro e S\u00edlvia Leme. A trilha sonora traz as m\u00fasicas Ponte de Cachoeira, do pr\u00f3prio Coletivo, e Jurema, de Uyat\u00e3 Rayra, al\u00e9m de curtos improvisos dos m\u00fasicos. Gravado em 2019 e editado em fins de julho de 2020; e realizado pela produtora independente O Imagin\u00e1rio \u00e9 TV, sob o patroc\u00ednio de Nosso Bolso Produ\u00e7\u00f5es Art\u00edsticas.\u00a0<\/p>\n\n\n\n<figure class=\"wp-block-embed-youtube wp-block-embed is-type-video is-provider-youtube wp-embed-aspect-16-9 wp-has-aspect-ratio\"><div class=\"wp-block-embed__wrapper\">\n<iframe loading=\"lazy\" title=\"COLETIVO NOVOS CACHOEIRANOS\" width=\"500\" height=\"281\" src=\"https:\/\/www.youtube.com\/embed\/9u84gA4c6Ig?start=2&#038;feature=oembed\" frameborder=\"0\" allow=\"accelerometer; autoplay; clipboard-write; encrypted-media; gyroscope; picture-in-picture; web-share\" referrerpolicy=\"strict-origin-when-cross-origin\" allowfullscreen><\/iframe>\n<\/div><\/figure>\n\n\n\n<h2 class=\"wp-block-heading\">Ficha T\u00e9cnica:<\/h2>\n\n\n\n<p>15\u201922\u201d<br>Coletivo Novos Cachoeiranos\u00a0<br>um v\u00eddeo de Cl\u00e1udio Manoel Duarte\u00a0<br>Edi\u00e7\u00e3o: Gleydson P\u00fablio\u00a0<br>C\u00e2mera\/Gui\u00e3o: Cl\u00e1udio Manoel Duarte\u00a0<br>Fotos\/Still: Marcos Sandes\/Vin\u00edcius Castro\/S\u00edlvia Leme\u00a0<br>Trilha Sonora: Ponte de Cachoeira (Coletivo Novos Cachoeiranos) e Jurema (Uyat\u00e3 Rayra)\u00a0<br>Depoimentos: Victor Souza, saxofone Filipe Passos, flautista S\u00f3lon Mendes, maestro J\u00falia Gomes, trompete\u00a0<br>Apoio t\u00e9cnico: Sandro Silva\u00a0<br>Realiza\u00e7\u00e3o: O Imagin\u00e1rio \u00e9 TV\u00a0<br>Patroc\u00ednio: Nosso Bolso Produ\u00e7\u00f5es Art\u00edsticas\u00a0<\/p>\n\n\n\n<p>Este trabalho tem licen\u00e7a Creative Commons (Permitida exibi\u00e7\u00e3o livre, n\u00e3o comercial, compartilhamento igual) Rec\u00f4ncavo Baiano, Bahia, Brasil, 2019\/2020<\/p>\n","protected":false},"excerpt":{"rendered":"<p>15\u201922\u201d<br \/>\nColetivo Novos Cachoeiranos<br \/>\num v\u00eddeo de Cl\u00e1udio Manoel Duarte <\/p>\n","protected":false},"author":137,"featured_media":17307,"comment_status":"open","ping_status":"open","sticky":false,"template":"","format":"standard","meta":{"_bbp_topic_count":0,"_bbp_reply_count":0,"_bbp_total_topic_count":0,"_bbp_total_reply_count":0,"_bbp_voice_count":0,"_bbp_anonymous_reply_count":0,"_bbp_topic_count_hidden":0,"_bbp_reply_count_hidden":0,"_bbp_forum_subforum_count":0,"_jetpack_memberships_contains_paid_content":false,"footnotes":""},"categories":[189],"tags":[],"class_list":["post-17306","post","type-post","status-publish","format-standard","has-post-thumbnail","hentry","category-artes"],"jetpack_featured_media_url":"https:\/\/i0.wp.com\/culturas.cc\/congresso2020\/wp-content\/uploads\/sites\/9\/2020\/11\/coletivo-novos-cachoeiranos.jpg?fit=1280%2C720&ssl=1","jetpack_sharing_enabled":true,"_links":{"self":[{"href":"https:\/\/culturas.cc\/congresso2020\/wp-json\/wp\/v2\/posts\/17306","targetHints":{"allow":["GET"]}}],"collection":[{"href":"https:\/\/culturas.cc\/congresso2020\/wp-json\/wp\/v2\/posts"}],"about":[{"href":"https:\/\/culturas.cc\/congresso2020\/wp-json\/wp\/v2\/types\/post"}],"author":[{"embeddable":true,"href":"https:\/\/culturas.cc\/congresso2020\/wp-json\/wp\/v2\/users\/137"}],"replies":[{"embeddable":true,"href":"https:\/\/culturas.cc\/congresso2020\/wp-json\/wp\/v2\/comments?post=17306"}],"version-history":[{"count":1,"href":"https:\/\/culturas.cc\/congresso2020\/wp-json\/wp\/v2\/posts\/17306\/revisions"}],"predecessor-version":[{"id":17308,"href":"https:\/\/culturas.cc\/congresso2020\/wp-json\/wp\/v2\/posts\/17306\/revisions\/17308"}],"wp:featuredmedia":[{"embeddable":true,"href":"https:\/\/culturas.cc\/congresso2020\/wp-json\/wp\/v2\/media\/17307"}],"wp:attachment":[{"href":"https:\/\/culturas.cc\/congresso2020\/wp-json\/wp\/v2\/media?parent=17306"}],"wp:term":[{"taxonomy":"category","embeddable":true,"href":"https:\/\/culturas.cc\/congresso2020\/wp-json\/wp\/v2\/categories?post=17306"},{"taxonomy":"post_tag","embeddable":true,"href":"https:\/\/culturas.cc\/congresso2020\/wp-json\/wp\/v2\/tags?post=17306"}],"curies":[{"name":"wp","href":"https:\/\/api.w.org\/{rel}","templated":true}]}}