{"id":17303,"date":"2020-11-18T10:44:34","date_gmt":"2020-11-18T13:44:34","guid":{"rendered":"https:\/\/culturas.cc\/congresso2020\/?p=17303"},"modified":"2020-11-18T10:44:39","modified_gmt":"2020-11-18T13:44:39","slug":"o-deszerto-video-realizado-para-projecao-em-peca-de-teatro","status":"publish","type":"post","link":"https:\/\/culturas.cc\/congresso2020\/17303\/","title":{"rendered":"O DESZERTO \u2013 v\u00eddeo realizado para proje\u00e7\u00e3o em pe\u00e7a de teatro"},"content":{"rendered":"\n<p>T\u00edtulo: <em>O DESZERTO<\/em> \u2013 v\u00eddeo realizado para proje\u00e7\u00e3o em pe\u00e7a de teatro<br>Dura\u00e7\u00e3o: 3min35seg<br>Montagem: Raquel Junqueira<\/p>\n\n\n\n<h2 class=\"wp-block-heading\">Sobre o v\u00eddeo\/proje\u00e7\u00e3o<\/h2>\n\n\n\n<p>Este trabalho foi um dos elementos que constru\u00edram o espa\u00e7o c\u00eanico da pe\u00e7a <em>O DESZERTO<\/em> (dirigida por Sara Rojo), junto da cenografia e da ilumina\u00e7\u00e3o. Foi montado a partir de uma sele\u00e7\u00e3o de material bruto (v\u00eddeos, fotos e m\u00fasica) livremente recolhido da internet por um dos atores e dramaturgos (Felipe Cordeiro). Em determinado momento da pe\u00e7a, a proje\u00e7\u00e3o deste v\u00eddeo, constru\u00eddo a partir de\u00a0 imagens est\u00e1ticas e outras em movimento, invade o cen\u00e1rio com fragmentos de diferentes lutas empreendidas no Brasil e na Am\u00e9rica Latina, como as ocupa\u00e7\u00f5es estudantis secundaristas e a forte repress\u00e3o sofrida pelos jovens estudantes,\u00a0 a emblem\u00e1tica fala da estudante Ana J\u00falia na Assembl\u00e9ia Legislativa do Paran\u00e1, a viol\u00eancia policial contra a popula\u00e7\u00e3o negra, o movimento feminista e a luta pela descriminaliza\u00e7\u00e3o do aborto, entre outros. Essas imagens eram, talvez, as pontes mais expl\u00edcitas entre tempos e espa\u00e7os abordados e\/ou representados na pe\u00e7a. Um atravessamento das lutas contempor\u00e2neas e hist\u00f3ricas no espa\u00e7o dramat\u00fargico da pe\u00e7a, uma textura que rompia a sutileza po\u00e9tica da cenografia rasgando a representa\u00e7\u00e3o com centelhas de realidade enquadrada pela c\u00e2mera.<\/p>\n\n\n\n<figure class=\"wp-block-embed-youtube wp-block-embed is-type-video is-provider-youtube wp-embed-aspect-16-9 wp-has-aspect-ratio\"><div class=\"wp-block-embed__wrapper\">\n<iframe loading=\"lazy\" title=\"PROJECAO para TEATRO | oDESZERTO\" width=\"500\" height=\"281\" src=\"https:\/\/www.youtube.com\/embed\/6oicC3db3XE?feature=oembed\" frameborder=\"0\" allow=\"accelerometer; autoplay; clipboard-write; encrypted-media; gyroscope; picture-in-picture; web-share\" referrerpolicy=\"strict-origin-when-cross-origin\" allowfullscreen><\/iframe>\n<\/div><\/figure>\n\n\n\n<h2 class=\"wp-block-heading\">Sobre a pe\u00e7a O DESZERTO<\/h2>\n\n\n\n<p>Sinopse: O que voc\u00ea fazia enquanto essas coisas horr\u00edveis aconteciam na sua cidade? Ao receber uma carta de sua filha questionando sua omiss\u00e3o frente aos crimes da ditadura, Laura retorna ao deserto, onde fora ju\u00edza h\u00e1 mais de 20 anos, para revisitar suas mem\u00f3rias. L\u00e1 tamb\u00e9m encontra o ex-marido M\u00e1rio e, juntos, os tr\u00eas buscam superar os traumas e segredos de um passado que mostra como a lei tamb\u00e9m pode ser injusta.<\/p>\n\n\n\n<h2 class=\"wp-block-heading\">Ficha t\u00e9cnica&nbsp;<\/h2>\n\n\n\n<p>Dire\u00e7\u00e3o: Sara Rojo\u00a0<br>Dramaturgia: Felipe Cordeiro e Gabriela Figueiredo\u00a0<br>Atua\u00e7\u00e3o: Fabr\u00edcio Trindade, Felipe Cordeiro, J\u00e9ssica Ribas e Lu\u00edsa Lagoeiro\u00a0<br>Cenografia e ilumina\u00e7\u00e3o: Sara Maranh\u00e3o\u00a0<br>Assist\u00eancia de ilumina\u00e7\u00e3o: Cristiano Diniz\u00a0<br>Figurino: J\u00e9ssica Ribas\u00a0<br>Confec\u00e7\u00e3o de cen\u00e1rio e figurino: Augusta Cordeiro\u00a0<br>Orienta\u00e7\u00e3o corporal: Lucas Resende\u00a0<br>Orienta\u00e7\u00e3o vocal: Claudia Manzo\u00a0<br>Trilha e efeitos sonoros: Fabr\u00edcio Trindade\u00a0<br>Proje\u00e7\u00f5es: Raquel Junqueira\u00a0<br>Opera\u00e7\u00e3o t\u00e9cnica: Gabriela Figueiredo e Henrique Vertchenko\u00a0<br>Semin\u00e1rios te\u00f3ricos: Carla Dameane, Carlos Mendon\u00e7a, J\u00falia Morena, Juliana Leal, Pedro Kalil e Tereza Virg\u00ednia\u00a0<br>Assessoria de comunica\u00e7\u00e3o: Felipe Cordeiro e Jo\u00e3o Santos\u00a0<br>Projeto gr\u00e1fico: Victor Bulizani\u00a0<br>Fotografia: Let\u00edcia Souza e Raquel Carneiro\u00a0<br>Teaser: Noctua_ideias e conte\u00fado\u00a0<br>Finan\u00e7as: Lu\u00edsa Lagoeiro\u00a0<br>Produ\u00e7\u00e3o e realiza\u00e7\u00e3o: Mulheres M\u00edticas<\/p>\n","protected":false},"excerpt":{"rendered":"<p>Dura\u00e7\u00e3o: 3min35seg<br \/>\nMontagem: Raquel Junqueira<\/p>\n","protected":false},"author":137,"featured_media":17304,"comment_status":"open","ping_status":"open","sticky":false,"template":"","format":"standard","meta":{"_bbp_topic_count":0,"_bbp_reply_count":0,"_bbp_total_topic_count":0,"_bbp_total_reply_count":0,"_bbp_voice_count":0,"_bbp_anonymous_reply_count":0,"_bbp_topic_count_hidden":0,"_bbp_reply_count_hidden":0,"_bbp_forum_subforum_count":0,"_jetpack_memberships_contains_paid_content":false,"footnotes":""},"categories":[189,1],"tags":[],"class_list":["post-17303","post","type-post","status-publish","format-standard","has-post-thumbnail","hentry","category-artes","category-resumos"],"jetpack_featured_media_url":"https:\/\/i0.wp.com\/culturas.cc\/congresso2020\/wp-content\/uploads\/sites\/9\/2020\/11\/o-deszerto-v-deo-realizado-para-proje-o-em-pe-a-de-teatro.jpg?fit=1280%2C720&ssl=1","jetpack_sharing_enabled":true,"_links":{"self":[{"href":"https:\/\/culturas.cc\/congresso2020\/wp-json\/wp\/v2\/posts\/17303","targetHints":{"allow":["GET"]}}],"collection":[{"href":"https:\/\/culturas.cc\/congresso2020\/wp-json\/wp\/v2\/posts"}],"about":[{"href":"https:\/\/culturas.cc\/congresso2020\/wp-json\/wp\/v2\/types\/post"}],"author":[{"embeddable":true,"href":"https:\/\/culturas.cc\/congresso2020\/wp-json\/wp\/v2\/users\/137"}],"replies":[{"embeddable":true,"href":"https:\/\/culturas.cc\/congresso2020\/wp-json\/wp\/v2\/comments?post=17303"}],"version-history":[{"count":1,"href":"https:\/\/culturas.cc\/congresso2020\/wp-json\/wp\/v2\/posts\/17303\/revisions"}],"predecessor-version":[{"id":17305,"href":"https:\/\/culturas.cc\/congresso2020\/wp-json\/wp\/v2\/posts\/17303\/revisions\/17305"}],"wp:featuredmedia":[{"embeddable":true,"href":"https:\/\/culturas.cc\/congresso2020\/wp-json\/wp\/v2\/media\/17304"}],"wp:attachment":[{"href":"https:\/\/culturas.cc\/congresso2020\/wp-json\/wp\/v2\/media?parent=17303"}],"wp:term":[{"taxonomy":"category","embeddable":true,"href":"https:\/\/culturas.cc\/congresso2020\/wp-json\/wp\/v2\/categories?post=17303"},{"taxonomy":"post_tag","embeddable":true,"href":"https:\/\/culturas.cc\/congresso2020\/wp-json\/wp\/v2\/tags?post=17303"}],"curies":[{"name":"wp","href":"https:\/\/api.w.org\/{rel}","templated":true}]}}