{"id":17297,"date":"2020-11-18T10:36:51","date_gmt":"2020-11-18T13:36:51","guid":{"rendered":"https:\/\/culturas.cc\/congresso2020\/?p=17297"},"modified":"2020-11-18T11:11:46","modified_gmt":"2020-11-18T14:11:46","slug":"nunca-antes-ou-nago-birds","status":"publish","type":"post","link":"https:\/\/culturas.cc\/congresso2020\/17297\/","title":{"rendered":"Nunca Antes ou Nag\u00f4 Birds"},"content":{"rendered":"\n<p>T\u00edtulo: <em>Nunca Antes ou Nag\u00f4 Birds<\/em><br>Formato: Filme document\u00e1rio<br>Dura\u00e7\u00e3o: 20min<br>Dire\u00e7\u00e3o: Raquel JunqueiraSinopse: filme document\u00e1rio sobre a migra\u00e7\u00e3o cultural do ritmo afro-brasileiro do Maracatu, tradicional do estado brasileiro de Pernambuco para Toronto, no Canad\u00e1.<\/p>\n\n\n\n<h2 class=\"wp-block-heading\">RESUMO<\/h2>\n\n\n\n<p>Nunca Antes ou Nag\u00f4 Birds (2004) foi filmado em Toronto (CA) em 2003, montado e apresentado no ano seguinte em Belo Horizonte (MG), ao curso de Comunica\u00e7\u00e3o Social da UFMG, como trabalho de conclus\u00e3o de curso. Agora, ele se torna para mim, novamente, objeto de estudo. Mais de 15 anos se passaram e a proposta ainda comunica com nosso tempo. Atrav\u00e9s dos temas &#8211; miscigena\u00e7\u00e3o cultural e musical, multiculturalismo e imigra\u00e7\u00e3o &#8211; o filme reflete sobre a migra\u00e7\u00e3o cultural do ritmo de origem afro-brasileira, Maracatu de baque virado, para novos contextos geogr\u00e1ficos e culturais. Neste movimento decorrente da mudan\u00e7a dos indiv\u00edduos, que consigo carregam, para al\u00e9m das malas, bagagens imateriais, o filme aborda as quest\u00f5es enfrentadas por uma artista, professora, cantora e percussionista brasileira, em sua empreitada de ensinar o ritmo a um p\u00fablico multicultural de alunos que em comum, desconheciam a exist\u00eancia do Maracatu at\u00e9 ent\u00e3o. A maneira dos aprendizes foi realizado com pouqu\u00edssimos recursos e muita experimenta\u00e7\u00e3o, num momento pr\u00e9vio a revolu\u00e7\u00e3o no acesso a conte\u00fados que a internet de banda larga hoje nos possibilita.<\/p>\n\n\n\n<figure class=\"wp-block-embed-youtube wp-block-embed is-type-video is-provider-youtube wp-embed-aspect-4-3 wp-has-aspect-ratio\"><div class=\"wp-block-embed__wrapper\">\n<iframe loading=\"lazy\" title=\"nunca antes ou nag\u00f4 birds (parte 1)\" width=\"500\" height=\"375\" src=\"https:\/\/www.youtube.com\/embed\/aiXBqC3GZvs?feature=oembed\" frameborder=\"0\" allow=\"accelerometer; autoplay; clipboard-write; encrypted-media; gyroscope; picture-in-picture; web-share\" referrerpolicy=\"strict-origin-when-cross-origin\" allowfullscreen><\/iframe>\n<\/div><\/figure>\n","protected":false},"excerpt":{"rendered":"<p>Dura\u00e7\u00e3o: 20min<br \/>\nDire\u00e7\u00e3o: Raquel Junqueira<\/p>\n","protected":false},"author":137,"featured_media":17298,"comment_status":"open","ping_status":"open","sticky":false,"template":"","format":"standard","meta":{"_bbp_topic_count":0,"_bbp_reply_count":0,"_bbp_total_topic_count":0,"_bbp_total_reply_count":0,"_bbp_voice_count":0,"_bbp_anonymous_reply_count":0,"_bbp_topic_count_hidden":0,"_bbp_reply_count_hidden":0,"_bbp_forum_subforum_count":0,"_jetpack_memberships_contains_paid_content":false,"footnotes":""},"categories":[189,1],"tags":[],"class_list":["post-17297","post","type-post","status-publish","format-standard","has-post-thumbnail","hentry","category-artes","category-resumos"],"jetpack_featured_media_url":"https:\/\/i0.wp.com\/culturas.cc\/congresso2020\/wp-content\/uploads\/sites\/9\/2020\/11\/hqdefault.jpg?fit=480%2C360&ssl=1","jetpack_sharing_enabled":true,"_links":{"self":[{"href":"https:\/\/culturas.cc\/congresso2020\/wp-json\/wp\/v2\/posts\/17297","targetHints":{"allow":["GET"]}}],"collection":[{"href":"https:\/\/culturas.cc\/congresso2020\/wp-json\/wp\/v2\/posts"}],"about":[{"href":"https:\/\/culturas.cc\/congresso2020\/wp-json\/wp\/v2\/types\/post"}],"author":[{"embeddable":true,"href":"https:\/\/culturas.cc\/congresso2020\/wp-json\/wp\/v2\/users\/137"}],"replies":[{"embeddable":true,"href":"https:\/\/culturas.cc\/congresso2020\/wp-json\/wp\/v2\/comments?post=17297"}],"version-history":[{"count":3,"href":"https:\/\/culturas.cc\/congresso2020\/wp-json\/wp\/v2\/posts\/17297\/revisions"}],"predecessor-version":[{"id":17302,"href":"https:\/\/culturas.cc\/congresso2020\/wp-json\/wp\/v2\/posts\/17297\/revisions\/17302"}],"wp:featuredmedia":[{"embeddable":true,"href":"https:\/\/culturas.cc\/congresso2020\/wp-json\/wp\/v2\/media\/17298"}],"wp:attachment":[{"href":"https:\/\/culturas.cc\/congresso2020\/wp-json\/wp\/v2\/media?parent=17297"}],"wp:term":[{"taxonomy":"category","embeddable":true,"href":"https:\/\/culturas.cc\/congresso2020\/wp-json\/wp\/v2\/categories?post=17297"},{"taxonomy":"post_tag","embeddable":true,"href":"https:\/\/culturas.cc\/congresso2020\/wp-json\/wp\/v2\/tags?post=17297"}],"curies":[{"name":"wp","href":"https:\/\/api.w.org\/{rel}","templated":true}]}}