{"id":17087,"date":"2020-11-16T16:49:05","date_gmt":"2020-11-16T19:49:05","guid":{"rendered":"https:\/\/culturas.cc\/congresso2020\/?p=17087"},"modified":"2020-11-16T16:50:34","modified_gmt":"2020-11-16T19:50:34","slug":"o-patriarcado-e-o-sepultamento-da-mulher-em-balada-de-amor-ao-vento-e-niketche-de-paulina-chiziane","status":"publish","type":"post","link":"https:\/\/culturas.cc\/congresso2020\/17087\/","title":{"rendered":"O patriarcado e o sepultamento da mulher em Balada de Amor ao Vento e Niketche, de Paulina Chiziane"},"content":{"rendered":"\n<h3 class=\"wp-block-heading\">Marins Mapera, Zito Mac\u00e1rio J\u00falio, Nelson Moda<\/h3>\n\n\n\n<p>Em quase toda a obra de Paulina Chiziane, a discussao sobre o espa\u00e7o da mulher tem sido o escopo romanesco. Por este problema ser transversal, em A Confiss\u00e3o da Leoa, Mia Couto questiona a humilha\u00e7\u00e3o das mulheres num universo onde quem fala s\u00e3o apenas os homens. Utilizando o m\u00e9todo de an\u00e1lise do conte\u00fado e hermen\u00eautico, este trabalho estuda em Balada de amor ao vento e Niketcke, a influ\u00eancia da cultura patriarcal no sepultamento da mulher. Para tal, s\u00e3o analizadas as rela\u00e7\u00f5es de g\u00e9nero e de poder, com o objectivo de responder \u00e0 quest\u00e3o \u201ccomo a cultura patriarcal manipula a identidade feminina?\u201d. Na sociedade actual, a luta pela equidade configura uma constante nos programas pol\u00edticos de muitos pa\u00edses, incluindo Mo\u00e7ambique. No entanto, esta luta parece estar a frear pelo facto de as lideran\u00e7as, que s\u00e3o em maioria homens, estarem apenas a proceder ao politicamente correcto, enquanto em suas pr\u00e1ticas culturais quotidianas aplaudem e defendem ideologias que oprimem a mulher, transformando-a em serva eterna do homem. O desinteresse dos homens pela defesa da equidade deve-se ao facto de o sistema patriarcal estar associado \u00e0s rela\u00e7\u00f5es de poder e domina\u00e7\u00e3o, oferecendo aos homens os direitos sexuais sobre as mulheres. Nos romances em estudo, nota-se que as mulheres s\u00e3o ensinadas a conviver com os comportamentos desumanos dos homens como a poligamia, a viol\u00eancia dom\u00e9stica e os constantes adult\u00e9rios, pr\u00e1ticas tidas como leis do patriarcado. Apesar de serem comportamentos despres\u00edveis, os homens continuam a estimul\u00e1-los; e, muitas vezes, as desculpas incidem sobre raz\u00f5es de natureza antropol\u00f3gica e cultural. Nota-se nas obras em refer\u00eancia, que a cultura patriarcal est\u00e1 mumificada, fechada e est\u00e1tica em si mesma, o que dificulta que os homens se abram como seres-no-mundo e seres-com-outros, sendo necess\u00e1ria uma revolu\u00e7\u00e3o que estilhace as ilus\u00f5es chauvinistas.<\/p>\n\n\n\n<p><strong>Martins JC-Mapera | Universidade Zambeze<\/strong><br>Doutor em Estudos Culturais pelas Universidades de Aveiro e do Minho; cr\u00edtico liter\u00e1rio, autor de v\u00e1rios artigos; comunicador em congressos nacionais e internacionais; professor de v\u00e1rias disciplinas sobre estudos culturais, l\u00edngua portuguesa, literatura e ci\u00eancias da comunica\u00e7\u00e3o; director da Faculdade de Ci\u00eancias Sociais e Humanidades da Universidade Zambeze; autor do projecto curricular do Programa Doutoral em L\u00edngua, Cultura e Sociedade, da Universidade Zambeze, e professor da disciplina de Sociologia da Cultura do mesmo programa.<\/p>\n\n\n\n<p><strong>Zito Mac\u00e1rio J\u00falio | Universidade Zambeze<br>Doutorando em Herm\u00eaneuticas Culturais na Universidade Zambeze; docente de literatura na Universidade P\u00fangu\u00e8; cr\u00edtico liter\u00e1rio e autor de v\u00e1rios artigos; pesquisador da cultura mo\u00e7ambicana.&nbsp;<\/strong><\/p>\n\n\n\n<p><strong>Nelson Moda&nbsp; | Universidade Zambeze<\/strong><br>Doutorando em Cultura e Sociedade na Universidade Zambeze; investigador da cultura e sociedade mo\u00e7ambicana; professor de Ingl\u00eas no Ensino Secund\u00e1rio<\/p>\n","protected":false},"excerpt":{"rendered":"<p>Marins Mapera, Zito Mac\u00e1rio J\u00falio, Nelson Moda Em quase toda a obra de Paulina Chiziane, a discussao sobre o espa\u00e7o da mulher tem sido o escopo romanesco. Por este problema&#8230;<\/p>\n","protected":false},"author":137,"featured_media":16785,"comment_status":"open","ping_status":"open","sticky":false,"template":"","format":"standard","meta":{"_bbp_topic_count":0,"_bbp_reply_count":0,"_bbp_total_topic_count":0,"_bbp_total_reply_count":0,"_bbp_voice_count":0,"_bbp_anonymous_reply_count":0,"_bbp_topic_count_hidden":0,"_bbp_reply_count_hidden":0,"_bbp_forum_subforum_count":0,"_jetpack_memberships_contains_paid_content":false,"footnotes":""},"categories":[158,168,1],"tags":[],"class_list":["post-17087","post","type-post","status-publish","format-standard","has-post-thumbnail","hentry","category-gt-2","category-live-15","category-resumos"],"jetpack_featured_media_url":"https:\/\/i0.wp.com\/culturas.cc\/congresso2020\/wp-content\/uploads\/sites\/9\/2020\/11\/GT2.png?fit=600%2C600&ssl=1","jetpack_sharing_enabled":true,"_links":{"self":[{"href":"https:\/\/culturas.cc\/congresso2020\/wp-json\/wp\/v2\/posts\/17087","targetHints":{"allow":["GET"]}}],"collection":[{"href":"https:\/\/culturas.cc\/congresso2020\/wp-json\/wp\/v2\/posts"}],"about":[{"href":"https:\/\/culturas.cc\/congresso2020\/wp-json\/wp\/v2\/types\/post"}],"author":[{"embeddable":true,"href":"https:\/\/culturas.cc\/congresso2020\/wp-json\/wp\/v2\/users\/137"}],"replies":[{"embeddable":true,"href":"https:\/\/culturas.cc\/congresso2020\/wp-json\/wp\/v2\/comments?post=17087"}],"version-history":[{"count":1,"href":"https:\/\/culturas.cc\/congresso2020\/wp-json\/wp\/v2\/posts\/17087\/revisions"}],"predecessor-version":[{"id":17088,"href":"https:\/\/culturas.cc\/congresso2020\/wp-json\/wp\/v2\/posts\/17087\/revisions\/17088"}],"wp:featuredmedia":[{"embeddable":true,"href":"https:\/\/culturas.cc\/congresso2020\/wp-json\/wp\/v2\/media\/16785"}],"wp:attachment":[{"href":"https:\/\/culturas.cc\/congresso2020\/wp-json\/wp\/v2\/media?parent=17087"}],"wp:term":[{"taxonomy":"category","embeddable":true,"href":"https:\/\/culturas.cc\/congresso2020\/wp-json\/wp\/v2\/categories?post=17087"},{"taxonomy":"post_tag","embeddable":true,"href":"https:\/\/culturas.cc\/congresso2020\/wp-json\/wp\/v2\/tags?post=17087"}],"curies":[{"name":"wp","href":"https:\/\/api.w.org\/{rel}","templated":true}]}}