{"id":16903,"date":"2020-11-12T01:41:47","date_gmt":"2020-11-12T04:41:47","guid":{"rendered":"https:\/\/culturas.cc\/congresso2020\/?p=16903"},"modified":"2020-11-12T01:41:49","modified_gmt":"2020-11-12T04:41:49","slug":"travessias-poeticas-voz-corpo-e-musicalidade","status":"publish","type":"post","link":"https:\/\/culturas.cc\/congresso2020\/16903\/","title":{"rendered":"Travessias Po\u00e9ticas: Voz, Corpo e Musicalidade"},"content":{"rendered":"\n<h3 class=\"wp-block-heading\">Edilene Dias Matos, C\u00e1ssia Lopes, Thiago Pond\u00e9, Cec\u00edlia Tamplenizza.<\/h3>\n\n\n\n<p>A proposta dessa mesa \u00e9 trazer \u00e0 tona textos po\u00e9ticos que transgridem os c\u00f3digos da escritura e se insinuam como voz, corpo e musicalidade. No rompimento dessas linhas que limitam a escritura ao tamanho do papel, essa po\u00e9tica se imp\u00f5es e, dan\u00e7arina, se move e se faz resist\u00eancia no ritmo da travessia.<\/p>\n","protected":false},"excerpt":{"rendered":"<p>Edilene Dias Matos, C\u00e1ssia Lopes, Thiago Pond\u00e9, Cec\u00edlia Tamplenizza. A proposta dessa mesa \u00e9 trazer \u00e0 tona textos po\u00e9ticos que transgridem os c\u00f3digos da escritura e se insinuam como voz,&#8230;<\/p>\n","protected":false},"author":1,"featured_media":16867,"comment_status":"open","ping_status":"open","sticky":false,"template":"","format":"standard","meta":{"_bbp_topic_count":0,"_bbp_reply_count":0,"_bbp_total_topic_count":0,"_bbp_total_reply_count":0,"_bbp_voice_count":0,"_bbp_anonymous_reply_count":0,"_bbp_topic_count_hidden":0,"_bbp_reply_count_hidden":0,"_bbp_forum_subforum_count":0,"_jetpack_memberships_contains_paid_content":false,"footnotes":""},"categories":[161,182,1],"tags":[],"class_list":["post-16903","post","type-post","status-publish","format-standard","has-post-thumbnail","hentry","category-gt-5","category-live-22","category-resumos"],"jetpack_featured_media_url":"https:\/\/i0.wp.com\/culturas.cc\/congresso2020\/wp-content\/uploads\/sites\/9\/2020\/11\/gt5.png?fit=600%2C600&ssl=1","jetpack_sharing_enabled":true,"_links":{"self":[{"href":"https:\/\/culturas.cc\/congresso2020\/wp-json\/wp\/v2\/posts\/16903","targetHints":{"allow":["GET"]}}],"collection":[{"href":"https:\/\/culturas.cc\/congresso2020\/wp-json\/wp\/v2\/posts"}],"about":[{"href":"https:\/\/culturas.cc\/congresso2020\/wp-json\/wp\/v2\/types\/post"}],"author":[{"embeddable":true,"href":"https:\/\/culturas.cc\/congresso2020\/wp-json\/wp\/v2\/users\/1"}],"replies":[{"embeddable":true,"href":"https:\/\/culturas.cc\/congresso2020\/wp-json\/wp\/v2\/comments?post=16903"}],"version-history":[{"count":1,"href":"https:\/\/culturas.cc\/congresso2020\/wp-json\/wp\/v2\/posts\/16903\/revisions"}],"predecessor-version":[{"id":16904,"href":"https:\/\/culturas.cc\/congresso2020\/wp-json\/wp\/v2\/posts\/16903\/revisions\/16904"}],"wp:featuredmedia":[{"embeddable":true,"href":"https:\/\/culturas.cc\/congresso2020\/wp-json\/wp\/v2\/media\/16867"}],"wp:attachment":[{"href":"https:\/\/culturas.cc\/congresso2020\/wp-json\/wp\/v2\/media?parent=16903"}],"wp:term":[{"taxonomy":"category","embeddable":true,"href":"https:\/\/culturas.cc\/congresso2020\/wp-json\/wp\/v2\/categories?post=16903"},{"taxonomy":"post_tag","embeddable":true,"href":"https:\/\/culturas.cc\/congresso2020\/wp-json\/wp\/v2\/tags?post=16903"}],"curies":[{"name":"wp","href":"https:\/\/api.w.org\/{rel}","templated":true}]}}