{"id":16900,"date":"2020-11-12T01:40:24","date_gmt":"2020-11-12T04:40:24","guid":{"rendered":"https:\/\/culturas.cc\/congresso2020\/?p=16900"},"modified":"2020-11-12T01:40:27","modified_gmt":"2020-11-12T04:40:27","slug":"corpo-voz-imagens-de-memorias","status":"publish","type":"post","link":"https:\/\/culturas.cc\/congresso2020\/16900\/","title":{"rendered":"Corpo-voz imagens de mem\u00f3rias"},"content":{"rendered":"\n<h3 class=\"wp-block-heading\">Edilene Dias Matos, Leda Bazzo, Romilton Batista, Elenice Castro, Max Bittencourt.<\/h3>\n\n\n\n<p>Esta mesa prop\u00f5e uma reflex\u00e3o acerca de plurais cenas das mem\u00f3rias corpo-vocais,\u00a0 manifestadas durante experi\u00eancias compartilhadas com o Outro, quer tais experi\u00eancias sejam da ordem de leituras, quer sejam da ordem da fabula\u00e7\u00e3o, que seja da ordem do encontro corpo-vocal.<\/p>\n","protected":false},"excerpt":{"rendered":"<p>Edilene Dias Matos, Leda Bazzo, Romilton Batista, Elenice Castro, Max Bittencourt. Esta mesa prop\u00f5e uma reflex\u00e3o acerca de plurais cenas das mem\u00f3rias corpo-vocais,\u00a0 manifestadas durante experi\u00eancias compartilhadas com o Outro,&#8230;<\/p>\n","protected":false},"author":137,"featured_media":16867,"comment_status":"open","ping_status":"open","sticky":false,"template":"","format":"standard","meta":{"_bbp_topic_count":0,"_bbp_reply_count":0,"_bbp_total_topic_count":0,"_bbp_total_reply_count":0,"_bbp_voice_count":0,"_bbp_anonymous_reply_count":0,"_bbp_topic_count_hidden":0,"_bbp_reply_count_hidden":0,"_bbp_forum_subforum_count":0,"_jetpack_memberships_contains_paid_content":false,"footnotes":""},"categories":[161,182,1],"tags":[],"class_list":["post-16900","post","type-post","status-publish","format-standard","has-post-thumbnail","hentry","category-gt-5","category-live-22","category-resumos"],"jetpack_featured_media_url":"https:\/\/i0.wp.com\/culturas.cc\/congresso2020\/wp-content\/uploads\/sites\/9\/2020\/11\/gt5.png?fit=600%2C600&ssl=1","jetpack_sharing_enabled":true,"_links":{"self":[{"href":"https:\/\/culturas.cc\/congresso2020\/wp-json\/wp\/v2\/posts\/16900","targetHints":{"allow":["GET"]}}],"collection":[{"href":"https:\/\/culturas.cc\/congresso2020\/wp-json\/wp\/v2\/posts"}],"about":[{"href":"https:\/\/culturas.cc\/congresso2020\/wp-json\/wp\/v2\/types\/post"}],"author":[{"embeddable":true,"href":"https:\/\/culturas.cc\/congresso2020\/wp-json\/wp\/v2\/users\/137"}],"replies":[{"embeddable":true,"href":"https:\/\/culturas.cc\/congresso2020\/wp-json\/wp\/v2\/comments?post=16900"}],"version-history":[{"count":1,"href":"https:\/\/culturas.cc\/congresso2020\/wp-json\/wp\/v2\/posts\/16900\/revisions"}],"predecessor-version":[{"id":16901,"href":"https:\/\/culturas.cc\/congresso2020\/wp-json\/wp\/v2\/posts\/16900\/revisions\/16901"}],"wp:featuredmedia":[{"embeddable":true,"href":"https:\/\/culturas.cc\/congresso2020\/wp-json\/wp\/v2\/media\/16867"}],"wp:attachment":[{"href":"https:\/\/culturas.cc\/congresso2020\/wp-json\/wp\/v2\/media?parent=16900"}],"wp:term":[{"taxonomy":"category","embeddable":true,"href":"https:\/\/culturas.cc\/congresso2020\/wp-json\/wp\/v2\/categories?post=16900"},{"taxonomy":"post_tag","embeddable":true,"href":"https:\/\/culturas.cc\/congresso2020\/wp-json\/wp\/v2\/tags?post=16900"}],"curies":[{"name":"wp","href":"https:\/\/api.w.org\/{rel}","templated":true}]}}