{"id":16897,"date":"2020-11-12T01:38:04","date_gmt":"2020-11-12T04:38:04","guid":{"rendered":"https:\/\/culturas.cc\/congresso2020\/?p=16897"},"modified":"2020-11-12T01:38:07","modified_gmt":"2020-11-12T04:38:07","slug":"a-ferramenta-cultural-teatro-do-oprimido","status":"publish","type":"post","link":"https:\/\/culturas.cc\/congresso2020\/16897\/","title":{"rendered":"A ferramenta cultural Teatro do Oprimido"},"content":{"rendered":"\n<h3 class=\"wp-block-heading\">Noeli Turle da Silva, Ant\u00f4nia Pereira Bezerra, Thereza de Jesus Santos Junqueira, Michelle Cristine Assis Couto, Marcos F\u00e1bio de Faria.<\/h3>\n\n\n\n<p>O teatro do oprimido, concebido por Augusto Boal, apresenta-se como ferramenta cultural eficaz para o estabelecimento dos mais diferentes di\u00e1logos. Sua est\u00e9tica, tomada pelo autor em sua obra <em>Est\u00e9tica do oprimido,<\/em> como uma \u201cci\u00eancia da comunica\u00e7\u00e3o sensorial e da sensibilidade\u201d, tem como pressuposto o comprometimento com a liberta\u00e7\u00e3o do ser humano das rela\u00e7\u00f5es opressivas nas quais est\u00e1 inserido, o que alcan\u00e7a ao preparar-lhe, simultaneamente, lugar de fala e lugar de recep\u00e7\u00e3o, no palco e na vida. Boal denomina \u201cinvas\u00e3o de c\u00e9rebros\u201d o processo de domina\u00e7\u00e3o cultural que acaba por colonizar o pensamento simb\u00f3lico e adormecer o que ele entende por pensamento sens\u00edvel, respons\u00e1vel pela capacidade humana de sentir e pensar por s\u00ed proprio. E \u00e9 contra essa domina\u00e7\u00e3o que as pr\u00e1ticas do teatro do oprimido iniciam por despertar e exercitar o pensamento sens\u00edvel, porquanto acomodado sob o simb\u00f3lico colonizado, com uma diversidade de atividades, com as quais seus praticantes exercitam enxergar aquilo que v\u00eaem, escutar aquilo que ouvem e sentir aquilo que tocam. Nesta mesa, apresenta-se o teatro do oprimido, enquanto ferramenta para o teatro negro, com Noeli Turle da Silva (Licko Turle), a partir de sua ampla experi\u00eancia, te\u00f3rica e c\u00eanica, especialmente com a montagem do espet\u00e1culo <em>Peles Negras, M\u00e1scaras brancas<\/em>; para debater g\u00eanero e encenar diversidades no teatro forum e no trabalho com as diferen\u00e7as, com Ant\u00f4nia Pereira Bezerra; para a pesquisa de Michelle Cristine Assis Couto sobre a \u00e9tica alternativa do cuidado; para Marcos F\u00e1bio de Farias, como ferramenta propulsora dos teatros populares; e para analisar o esvaziamento dos direitos humanos e da educa\u00e7\u00e3o em direitos humanos na matriz moderna, com Thereza de Jesus Santos Junqueira.<\/p>\n","protected":false},"excerpt":{"rendered":"<p>Noeli Turle da Silva, Ant\u00f4nia Pereira Bezerra, Thereza de Jesus Santos Junqueira, Michelle Cristine Assis Couto, Marcos F\u00e1bio de Faria. O teatro do oprimido, concebido por Augusto Boal, apresenta-se como&#8230;<\/p>\n","protected":false},"author":137,"featured_media":16867,"comment_status":"open","ping_status":"open","sticky":false,"template":"","format":"standard","meta":{"_bbp_topic_count":0,"_bbp_reply_count":0,"_bbp_total_topic_count":0,"_bbp_total_reply_count":0,"_bbp_voice_count":0,"_bbp_anonymous_reply_count":0,"_bbp_topic_count_hidden":0,"_bbp_reply_count_hidden":0,"_bbp_forum_subforum_count":0,"_jetpack_memberships_contains_paid_content":false,"footnotes":""},"categories":[161,181,1],"tags":[],"class_list":["post-16897","post","type-post","status-publish","format-standard","has-post-thumbnail","hentry","category-gt-5","category-live-21","category-resumos"],"jetpack_featured_media_url":"https:\/\/i0.wp.com\/culturas.cc\/congresso2020\/wp-content\/uploads\/sites\/9\/2020\/11\/gt5.png?fit=600%2C600&ssl=1","jetpack_sharing_enabled":true,"_links":{"self":[{"href":"https:\/\/culturas.cc\/congresso2020\/wp-json\/wp\/v2\/posts\/16897","targetHints":{"allow":["GET"]}}],"collection":[{"href":"https:\/\/culturas.cc\/congresso2020\/wp-json\/wp\/v2\/posts"}],"about":[{"href":"https:\/\/culturas.cc\/congresso2020\/wp-json\/wp\/v2\/types\/post"}],"author":[{"embeddable":true,"href":"https:\/\/culturas.cc\/congresso2020\/wp-json\/wp\/v2\/users\/137"}],"replies":[{"embeddable":true,"href":"https:\/\/culturas.cc\/congresso2020\/wp-json\/wp\/v2\/comments?post=16897"}],"version-history":[{"count":1,"href":"https:\/\/culturas.cc\/congresso2020\/wp-json\/wp\/v2\/posts\/16897\/revisions"}],"predecessor-version":[{"id":16898,"href":"https:\/\/culturas.cc\/congresso2020\/wp-json\/wp\/v2\/posts\/16897\/revisions\/16898"}],"wp:featuredmedia":[{"embeddable":true,"href":"https:\/\/culturas.cc\/congresso2020\/wp-json\/wp\/v2\/media\/16867"}],"wp:attachment":[{"href":"https:\/\/culturas.cc\/congresso2020\/wp-json\/wp\/v2\/media?parent=16897"}],"wp:term":[{"taxonomy":"category","embeddable":true,"href":"https:\/\/culturas.cc\/congresso2020\/wp-json\/wp\/v2\/categories?post=16897"},{"taxonomy":"post_tag","embeddable":true,"href":"https:\/\/culturas.cc\/congresso2020\/wp-json\/wp\/v2\/tags?post=16897"}],"curies":[{"name":"wp","href":"https:\/\/api.w.org\/{rel}","templated":true}]}}