{"id":16894,"date":"2020-11-12T01:37:00","date_gmt":"2020-11-12T04:37:00","guid":{"rendered":"https:\/\/culturas.cc\/congresso2020\/?p=16894"},"modified":"2020-11-12T01:37:03","modified_gmt":"2020-11-12T04:37:03","slug":"a-imagem-da-cultura-e-a-cultura-das-imagens-uma-abordagem-plural-ao-filme-espelho-dagua-de-marcus-vinicius-cezar","status":"publish","type":"post","link":"https:\/\/culturas.cc\/congresso2020\/16894\/","title":{"rendered":"A imagem da cultura e a cultura das imagens: uma abordagem plural ao filme Espelho D\u2019\u00e1gua, de Marcus Vinicius Cezar"},"content":{"rendered":"\n<h3 class=\"wp-block-heading\">Aline de Caldas Costa dos Santos, Camila Lacerda Lopes, Beatriz Souza Carvalho, Henrique Denis Correia dos Santos.<\/h3>\n\n\n\n<p>O filme <em>Espelho d\u2019\u00e1gua \u2013 uma viagem pelo Rio S\u00e3o Francisco<\/em> \u00e9 uma produ\u00e7\u00e3o nacional lan\u00e7ada em 2004, com dire\u00e7\u00e3o de Marcus Vinicius Cezar. Trata-se de uma narrativa que apresenta Henrique, um fot\u00f3grafo carioca, em miss\u00e3o de produzir um fotolivro sobre o Velho Chico. Henrique integra-se a um universo cultural ribeirinho complexo e plural. A trama enfatiza um universo m\u00edtico e religioso que rege o cotidiano local, marcando o tempo em ciclos de trabalho e ciclos de devo\u00e7\u00e3o, assim como marca a maneira de elaborar as imagens de um campo n\u00e3o vis\u00edvel e dos tr\u00e2nsitos da narrativa entre o mundo material e o mundo espiritual. Express\u00f5es art\u00edsticas populares tamb\u00e9m s\u00e3o uma presen\u00e7a em diferentes linguagens &#8211; carrancas, mamulengos, dan\u00e7as, batalha de cord\u00e9is. A narrativa tamb\u00e9m \u00e9 marcada por um n\u00facleo argumental pol\u00edtico que tanto chama aten\u00e7\u00e3o para os impactos sobre a preserva\u00e7\u00e3o ambiental face o modelo de desenvolvimento que avan\u00e7a aos rinc\u00f5es do pa\u00eds, quanto demarca a trajet\u00f3ria do protagonista e de sua noiva, Celeste, por um posicionamento em favor da vida das comunidades ribeirinhas. Henrique \u00e9 levado a refletir sobre os sentidos reais de sua presen\u00e7a e atua\u00e7\u00e3o por meio da produ\u00e7\u00e3o de imagens na regi\u00e3o. Celeste, tamb\u00e9m carioca, vem ao interior do Nordeste com o objetivo de surpreender seu noivo e acaba necessitando do apoio de uma rede de pessoas com diferentes profiss\u00f5es, cren\u00e7as e formas de express\u00e3o para chegar at\u00e9 o seu amado. O estudo proposto aborda o filme enquanto um dispositivo que, por meio da linguagem audiovisual, se constitui em um exemplar da cultura das imagens, ao mesmo tempo em que apresenta a imagem de uma cultura. O estudo versa sobre a linguagem audiovisual e seus mecanismos de comunica\u00e7\u00e3o visual (MARTIN, 2007; MASCELLI, 2012; BORDWELL &amp; THOMPSON, 2013; BROWN, 2012), a partir da qual se observa a tr\u00edade i) imagens do invis\u00edvel, ou como apresentar em imagens os seres m\u00edticos e sobrenaturais da trama, um objeto da dire\u00e7\u00e3o de fotografia (ALMENDROS, 1992); ii) imagens do que est\u00e1 por desaparecer, discutindo a visualidade das paisagens naturais, do patrim\u00f4nio cultural e das casas ribeirinhas como objeto da dire\u00e7\u00e3o de arte (HAMBURGER, 2014) e iii) e imagens do sujeito que fotografa, tra\u00e7ando paralelos perform\u00e1ticos entre o protagonista fot\u00f3grafo e fot\u00f3grafos da vida real que realizaram o fotolivro <em>Paisagem Submersa <\/em>(CASTILHO, 2008), com imagens feitas pelos mineiros Jo\u00e3o Castilho, Pedro David e Pedro Motta que retratam comunidades ribeirinhas que tiveram suas terras parcialmente inundadas em sete munic\u00edpios do nordeste do estado de Minas Gerais, para formar o lago da Usina Hidrel\u00e9trica de Irap\u00e9, no leito do rio Jequitinhonha, tendo, assim, o mesmo objeto\/dilemas do filme em quest\u00e3o.<\/p>\n","protected":false},"excerpt":{"rendered":"<p>Aline de Caldas Costa dos Santos, Camila Lacerda Lopes, Beatriz Souza Carvalho, Henrique Denis Correia dos Santos. O filme Espelho d\u2019\u00e1gua \u2013 uma viagem pelo Rio S\u00e3o Francisco \u00e9 uma&#8230;<\/p>\n","protected":false},"author":137,"featured_media":16867,"comment_status":"open","ping_status":"open","sticky":false,"template":"","format":"standard","meta":{"_bbp_topic_count":0,"_bbp_reply_count":0,"_bbp_total_topic_count":0,"_bbp_total_reply_count":0,"_bbp_voice_count":0,"_bbp_anonymous_reply_count":0,"_bbp_topic_count_hidden":0,"_bbp_reply_count_hidden":0,"_bbp_forum_subforum_count":0,"_jetpack_memberships_contains_paid_content":false,"footnotes":""},"categories":[161,181,1],"tags":[],"class_list":["post-16894","post","type-post","status-publish","format-standard","has-post-thumbnail","hentry","category-gt-5","category-live-21","category-resumos"],"jetpack_featured_media_url":"https:\/\/i0.wp.com\/culturas.cc\/congresso2020\/wp-content\/uploads\/sites\/9\/2020\/11\/gt5.png?fit=600%2C600&ssl=1","jetpack_sharing_enabled":true,"_links":{"self":[{"href":"https:\/\/culturas.cc\/congresso2020\/wp-json\/wp\/v2\/posts\/16894","targetHints":{"allow":["GET"]}}],"collection":[{"href":"https:\/\/culturas.cc\/congresso2020\/wp-json\/wp\/v2\/posts"}],"about":[{"href":"https:\/\/culturas.cc\/congresso2020\/wp-json\/wp\/v2\/types\/post"}],"author":[{"embeddable":true,"href":"https:\/\/culturas.cc\/congresso2020\/wp-json\/wp\/v2\/users\/137"}],"replies":[{"embeddable":true,"href":"https:\/\/culturas.cc\/congresso2020\/wp-json\/wp\/v2\/comments?post=16894"}],"version-history":[{"count":1,"href":"https:\/\/culturas.cc\/congresso2020\/wp-json\/wp\/v2\/posts\/16894\/revisions"}],"predecessor-version":[{"id":16895,"href":"https:\/\/culturas.cc\/congresso2020\/wp-json\/wp\/v2\/posts\/16894\/revisions\/16895"}],"wp:featuredmedia":[{"embeddable":true,"href":"https:\/\/culturas.cc\/congresso2020\/wp-json\/wp\/v2\/media\/16867"}],"wp:attachment":[{"href":"https:\/\/culturas.cc\/congresso2020\/wp-json\/wp\/v2\/media?parent=16894"}],"wp:term":[{"taxonomy":"category","embeddable":true,"href":"https:\/\/culturas.cc\/congresso2020\/wp-json\/wp\/v2\/categories?post=16894"},{"taxonomy":"post_tag","embeddable":true,"href":"https:\/\/culturas.cc\/congresso2020\/wp-json\/wp\/v2\/tags?post=16894"}],"curies":[{"name":"wp","href":"https:\/\/api.w.org\/{rel}","templated":true}]}}