{"id":16889,"date":"2020-11-12T01:34:22","date_gmt":"2020-11-12T04:34:22","guid":{"rendered":"https:\/\/culturas.cc\/congresso2020\/?p=16889"},"modified":"2020-11-12T01:34:40","modified_gmt":"2020-11-12T04:34:40","slug":"cultura-na-escola-resinificando-e-descolonizando-o-curriculo-de-arte-na-educacao-basica","status":"publish","type":"post","link":"https:\/\/culturas.cc\/congresso2020\/16889\/","title":{"rendered":"Cultura na escola : Resinificando e descolonizando o curr\u00edculo de arte na educa\u00e7\u00e3o b\u00e1sica"},"content":{"rendered":"\n<h3 class=\"wp-block-heading\">Rita de C\u00e1ssia Silva Cardoso, Cintia de Melo Pereira, Leonardo Jose Sebiane Serraqno, Rubens dos Santos Celestino, Luciana Balbino da Silva<\/h3>\n\n\n\n<p>\u00a0A mesa pretende trazer reflex\u00f5es sobre as pesquisas de quatro professores, mestres em Arte na Educa\u00e7\u00e3o B\u00e1sica, que desenvolvem as suas pr\u00e1ticas na Rede P\u00fablica de Ensino com foco na cultura, a partir das mem\u00f3rias, cren\u00e7as, h\u00e1bitos, valores, comportamentos, m\u00fasicas, dan\u00e7as e outras manifesta\u00e7\u00f5es que fazem parte da literatura oral e do contexto hist\u00f3rico dos alunos desde seus antepassados. A cultura quando inserida no curr\u00edculo escolar traz \u00e0 mem\u00f3ria, saberes, maneiras de pensar e de viver. A partir do momento que o conte\u00fado das aulas partem da heran\u00e7a cultural trazida pelos alunos impactam na educa\u00e7\u00e3o e no sentimento de pertencimento e de identidade desses sujeitos, o que corrobora com a import\u00e2ncia desse tema no processo de escolariza\u00e7\u00e3o de uma crian\u00e7a\/adolescente\u00a0 em idade escolar. Esse debate se configura em torno de vivencias aplicadas por professores em escolas regulares e classes hospitalares, dentro das suas respectivas linguagens art\u00edsticas ( Dan\u00e7a, Teatro e M\u00fasica) em diferentes munic\u00edpios do estado da Bahia.<\/p>\n","protected":false},"excerpt":{"rendered":"<p>Rita de C\u00e1ssia Silva Cardoso, Cintia de Melo Pereira, Leonardo Jose Sebiane Serraqno, Rubens dos Santos Celestino, Luciana Balbino da Silva \u00a0A mesa pretende trazer reflex\u00f5es sobre as pesquisas de&#8230;<\/p>\n","protected":false},"author":137,"featured_media":16867,"comment_status":"open","ping_status":"open","sticky":false,"template":"","format":"standard","meta":{"_bbp_topic_count":0,"_bbp_reply_count":0,"_bbp_total_topic_count":0,"_bbp_total_reply_count":0,"_bbp_voice_count":0,"_bbp_anonymous_reply_count":0,"_bbp_topic_count_hidden":0,"_bbp_reply_count_hidden":0,"_bbp_forum_subforum_count":0,"_jetpack_memberships_contains_paid_content":false,"footnotes":""},"categories":[161,180,1],"tags":[],"class_list":["post-16889","post","type-post","status-publish","format-standard","has-post-thumbnail","hentry","category-gt-5","category-live-20","category-resumos"],"jetpack_featured_media_url":"https:\/\/i0.wp.com\/culturas.cc\/congresso2020\/wp-content\/uploads\/sites\/9\/2020\/11\/gt5.png?fit=600%2C600&ssl=1","jetpack_sharing_enabled":true,"_links":{"self":[{"href":"https:\/\/culturas.cc\/congresso2020\/wp-json\/wp\/v2\/posts\/16889","targetHints":{"allow":["GET"]}}],"collection":[{"href":"https:\/\/culturas.cc\/congresso2020\/wp-json\/wp\/v2\/posts"}],"about":[{"href":"https:\/\/culturas.cc\/congresso2020\/wp-json\/wp\/v2\/types\/post"}],"author":[{"embeddable":true,"href":"https:\/\/culturas.cc\/congresso2020\/wp-json\/wp\/v2\/users\/137"}],"replies":[{"embeddable":true,"href":"https:\/\/culturas.cc\/congresso2020\/wp-json\/wp\/v2\/comments?post=16889"}],"version-history":[{"count":1,"href":"https:\/\/culturas.cc\/congresso2020\/wp-json\/wp\/v2\/posts\/16889\/revisions"}],"predecessor-version":[{"id":16890,"href":"https:\/\/culturas.cc\/congresso2020\/wp-json\/wp\/v2\/posts\/16889\/revisions\/16890"}],"wp:featuredmedia":[{"embeddable":true,"href":"https:\/\/culturas.cc\/congresso2020\/wp-json\/wp\/v2\/media\/16867"}],"wp:attachment":[{"href":"https:\/\/culturas.cc\/congresso2020\/wp-json\/wp\/v2\/media?parent=16889"}],"wp:term":[{"taxonomy":"category","embeddable":true,"href":"https:\/\/culturas.cc\/congresso2020\/wp-json\/wp\/v2\/categories?post=16889"},{"taxonomy":"post_tag","embeddable":true,"href":"https:\/\/culturas.cc\/congresso2020\/wp-json\/wp\/v2\/tags?post=16889"}],"curies":[{"name":"wp","href":"https:\/\/api.w.org\/{rel}","templated":true}]}}