{"id":16887,"date":"2020-11-12T01:33:15","date_gmt":"2020-11-12T04:33:15","guid":{"rendered":"https:\/\/culturas.cc\/congresso2020\/?p=16887"},"modified":"2020-11-12T01:34:47","modified_gmt":"2020-11-12T04:34:47","slug":"sebastiao-farinhada-cultura-arte-e-espiritualidade-nas-misticas-da-escola-familia-agricola-do-rio-grande-do-sul","status":"publish","type":"post","link":"https:\/\/culturas.cc\/congresso2020\/16887\/","title":{"rendered":"Sebasti\u00e3o Farinhada: cultura, arte e espiritualidade nas m\u00edsticas da Escola Fam\u00edlia Agr\u00edcola do Rio Grande do Sul"},"content":{"rendered":"\n<h3 class=\"wp-block-heading\">Monique Aline Arabites de Oliveira, Ant\u00f4nio Carlos Gomes, Marlon Bianchini<\/h3>\n\n\n\n<p>M\u00edstica, de forma ampla, refere-se \u00e0s atividades cercadas de criatividade e sensibiliza\u00e7\u00e3o \u00e0 luta em movimentos sociais. Historicamente instigada por uma vertente vanguardista da igreja, nas Escola Fam\u00edlia Agr\u00edcola a m\u00edstica est\u00e1 no abra\u00e7o apertado. Durante a hora do almo\u00e7o. No sorriso de cumplicidade entre o grupo antes do grito que move a pr\u00f3pria m\u00edstica: \u201c<em>Educa\u00e7\u00e3o do campo \u00e9 direito e n\u00e3o esmola<\/em>!\u201d. Tudo \u00e9 pensado para <em>ati\u00e7ar o pelo<\/em>, levar \u00e0s l\u00e1grimas, instigar sentimentos. A ess\u00eancia da m\u00edstica que \u00e9 praticada nas Escolas Fam\u00edlias Agr\u00edcolas do Rio Grande do Sul vem das EFA de Minhas Gerais, onde uma personagem importante para podermos contar nossa hist\u00f3ria nasceu: Sebasti\u00e3o Augusto Estev\u00e3o, mais conhecido sob a alcunha de Sebasti\u00e3o Farinhada. Ti\u00e3o \u00e9 pe\u00e7a chave para podermos compreender a m\u00edstica e sua intr\u00ednseca liga\u00e7\u00e3o com as manifesta\u00e7\u00f5es art\u00edsticas e culturais. Sebasti\u00e3o Farinhada \u00e9 nome conhecido dentro dos movimentos sociais: militante do movimento negro, do movimento agroecol\u00f3gico e das quest\u00f5es relacionadas aos povos tradicionais quilombolas, al\u00e9m disso, \u00e9 artista agroecol\u00f3gico e cantador popular. Farinhada utiliza da m\u00fasica, da cor, da brincadeira, da espiritualidade e da sabedoria popular para instigar as pessoas, coloc\u00e1-las como protagonistas de suas lutas, fornecendo \u00e2nimo na resist\u00eancia e na esperan\u00e7a de transforma\u00e7\u00e3o. A partir de sua sensibilidade, ele nos chama a aten\u00e7\u00e3o para a simbologia de tudo que permeia nossa viv\u00eancia: os jovens, o grito, as m\u00e3os dadas, a enxada, a p\u00e1, a foice, a terra. A proposta para essa conversa no <em>VI Congresso Internacional sobre Culturas \u2013 edi\u00e7\u00e3o online<\/em> faz parte de uma ampla pesquisa sobre \u201carte, m\u00edstica e cultura nas EFA do Sul\u201d que est\u00e1 sendo realizada e que, dentre seus objetivos, visa reconhecer os sujeitos que fazem a luta se realimentar a cada dia e que instigaram a vinda do movimento EFA para o Rio Grande do Sul, como Ti\u00e3o Farinhada. Sendo assim, as metodologias escolhidas para aprecia\u00e7\u00e3o e coleta dos dados foram a entrevista n\u00e3o-estruturada e observa\u00e7\u00f5es, devido a autonomia intr\u00ednseca \u00e0s mesmas e seus car\u00e1teres dial\u00f3gicos. As conversas e observa\u00e7\u00f5es foram realizadas em Minas Gerais durante o per\u00edodo dos dias 24 de setembro de 2018 a 01 de outubro de 2018, em Natal\u00e2ndia, onde estava acontecendo o evento <em>IV Terreiro Cultural: somos todos filhos da capoeira<\/em>, na Escola Fam\u00edlia Agr\u00edcola de Natal\u00e2ndia. Recentemente, convidamos Sebasti\u00e3o Farinhada para realizar uma aula online para estudantes e educadores das EFA, que aconteceu no dia 15 de setembro de 2020 via chamada de v\u00eddeo. Sebasti\u00e3o Farinhada nos lembra que as m\u00edsticas s\u00e3o org\u00e2nicas, pois s\u00e3o reinvindica\u00e7\u00e3o, arte, express\u00e3o e cultura. Trazem em sua ess\u00eancia a arte presente na vida e nos s\u00edmbolos que circundam e existem no cotidiano da juventude do campo e na Agroecologia. Elas n\u00e3o s\u00e3o banais. S\u00e3o luta, s\u00e3o movimento e possuem como caracter\u00edstica principal serem contra-hegem\u00f4nicas. Sebasti\u00e3o \u00e9 um \u00edcone de luta e resist\u00eancia.<\/p>\n","protected":false},"excerpt":{"rendered":"<p>Monique Aline Arabites de Oliveira, Ant\u00f4nio Carlos Gomes, Marlon Bianchini M\u00edstica, de forma ampla, refere-se \u00e0s atividades cercadas de criatividade e sensibiliza\u00e7\u00e3o \u00e0 luta em movimentos sociais. Historicamente instigada por&#8230;<\/p>\n","protected":false},"author":137,"featured_media":16867,"comment_status":"open","ping_status":"open","sticky":false,"template":"","format":"standard","meta":{"_bbp_topic_count":0,"_bbp_reply_count":0,"_bbp_total_topic_count":0,"_bbp_total_reply_count":0,"_bbp_voice_count":0,"_bbp_anonymous_reply_count":0,"_bbp_topic_count_hidden":0,"_bbp_reply_count_hidden":0,"_bbp_forum_subforum_count":0,"_jetpack_memberships_contains_paid_content":false,"footnotes":""},"categories":[161,180,1],"tags":[],"class_list":["post-16887","post","type-post","status-publish","format-standard","has-post-thumbnail","hentry","category-gt-5","category-live-20","category-resumos"],"jetpack_featured_media_url":"https:\/\/i0.wp.com\/culturas.cc\/congresso2020\/wp-content\/uploads\/sites\/9\/2020\/11\/gt5.png?fit=600%2C600&ssl=1","jetpack_sharing_enabled":true,"_links":{"self":[{"href":"https:\/\/culturas.cc\/congresso2020\/wp-json\/wp\/v2\/posts\/16887","targetHints":{"allow":["GET"]}}],"collection":[{"href":"https:\/\/culturas.cc\/congresso2020\/wp-json\/wp\/v2\/posts"}],"about":[{"href":"https:\/\/culturas.cc\/congresso2020\/wp-json\/wp\/v2\/types\/post"}],"author":[{"embeddable":true,"href":"https:\/\/culturas.cc\/congresso2020\/wp-json\/wp\/v2\/users\/137"}],"replies":[{"embeddable":true,"href":"https:\/\/culturas.cc\/congresso2020\/wp-json\/wp\/v2\/comments?post=16887"}],"version-history":[{"count":1,"href":"https:\/\/culturas.cc\/congresso2020\/wp-json\/wp\/v2\/posts\/16887\/revisions"}],"predecessor-version":[{"id":16888,"href":"https:\/\/culturas.cc\/congresso2020\/wp-json\/wp\/v2\/posts\/16887\/revisions\/16888"}],"wp:featuredmedia":[{"embeddable":true,"href":"https:\/\/culturas.cc\/congresso2020\/wp-json\/wp\/v2\/media\/16867"}],"wp:attachment":[{"href":"https:\/\/culturas.cc\/congresso2020\/wp-json\/wp\/v2\/media?parent=16887"}],"wp:term":[{"taxonomy":"category","embeddable":true,"href":"https:\/\/culturas.cc\/congresso2020\/wp-json\/wp\/v2\/categories?post=16887"},{"taxonomy":"post_tag","embeddable":true,"href":"https:\/\/culturas.cc\/congresso2020\/wp-json\/wp\/v2\/tags?post=16887"}],"curies":[{"name":"wp","href":"https:\/\/api.w.org\/{rel}","templated":true}]}}