{"id":16885,"date":"2020-11-12T01:32:20","date_gmt":"2020-11-12T04:32:20","guid":{"rendered":"https:\/\/culturas.cc\/congresso2020\/?p=16885"},"modified":"2020-11-12T01:32:23","modified_gmt":"2020-11-12T04:32:23","slug":"criar-para-criancas-no-limiar-da-infancia","status":"publish","type":"post","link":"https:\/\/culturas.cc\/congresso2020\/16885\/","title":{"rendered":"Criar para crian\u00e7as \u2013 no limiar da inf\u00e2ncia"},"content":{"rendered":"\n<h3 class=\"wp-block-heading\">Paula Alice Baptista Borges, Gildon Oliveira, Luciana Comin, Isabela Silveira<\/h3>\n\n\n\n<p>A mesa CRIAR PARA CRIAN\u00c7AS \u2013 no limiar da inf\u00e2ncia, do grupo de pesquisa CRICA \u2013 Criar para crian\u00e7as: n\u00facleo de estudos das artes e culturas da e para a inf\u00e2ncia (Cecult\/UFRB), re\u00fane comunica\u00e7\u00f5es que visam explorar artefatos art\u00edsticos e culturais produzidos para crian\u00e7as, procurando tencionar e alargar os nexos estabelecidos pela no\u00e7\u00e3o moderna de inf\u00e2ncia, ao lan\u00e7ar um olhar a contrapelo sobre suas quest\u00f5es e desdobramentos na cena teatral soteropolitana contempor\u00e2nea.\u00a0<\/p>\n","protected":false},"excerpt":{"rendered":"<p>Paula Alice Baptista Borges, Gildon Oliveira, Luciana Comin, Isabela Silveira A mesa CRIAR PARA CRIAN\u00c7AS \u2013 no limiar da inf\u00e2ncia, do grupo de pesquisa CRICA \u2013 Criar para crian\u00e7as: n\u00facleo&#8230;<\/p>\n","protected":false},"author":137,"featured_media":16867,"comment_status":"open","ping_status":"open","sticky":false,"template":"","format":"standard","meta":{"_bbp_topic_count":0,"_bbp_reply_count":0,"_bbp_total_topic_count":0,"_bbp_total_reply_count":0,"_bbp_voice_count":0,"_bbp_anonymous_reply_count":0,"_bbp_topic_count_hidden":0,"_bbp_reply_count_hidden":0,"_bbp_forum_subforum_count":0,"_jetpack_memberships_contains_paid_content":false,"footnotes":""},"categories":[161,180,1],"tags":[],"class_list":["post-16885","post","type-post","status-publish","format-standard","has-post-thumbnail","hentry","category-gt-5","category-live-20","category-resumos"],"jetpack_featured_media_url":"https:\/\/i0.wp.com\/culturas.cc\/congresso2020\/wp-content\/uploads\/sites\/9\/2020\/11\/gt5.png?fit=600%2C600&ssl=1","jetpack_sharing_enabled":true,"_links":{"self":[{"href":"https:\/\/culturas.cc\/congresso2020\/wp-json\/wp\/v2\/posts\/16885","targetHints":{"allow":["GET"]}}],"collection":[{"href":"https:\/\/culturas.cc\/congresso2020\/wp-json\/wp\/v2\/posts"}],"about":[{"href":"https:\/\/culturas.cc\/congresso2020\/wp-json\/wp\/v2\/types\/post"}],"author":[{"embeddable":true,"href":"https:\/\/culturas.cc\/congresso2020\/wp-json\/wp\/v2\/users\/137"}],"replies":[{"embeddable":true,"href":"https:\/\/culturas.cc\/congresso2020\/wp-json\/wp\/v2\/comments?post=16885"}],"version-history":[{"count":1,"href":"https:\/\/culturas.cc\/congresso2020\/wp-json\/wp\/v2\/posts\/16885\/revisions"}],"predecessor-version":[{"id":16886,"href":"https:\/\/culturas.cc\/congresso2020\/wp-json\/wp\/v2\/posts\/16885\/revisions\/16886"}],"wp:featuredmedia":[{"embeddable":true,"href":"https:\/\/culturas.cc\/congresso2020\/wp-json\/wp\/v2\/media\/16867"}],"wp:attachment":[{"href":"https:\/\/culturas.cc\/congresso2020\/wp-json\/wp\/v2\/media?parent=16885"}],"wp:term":[{"taxonomy":"category","embeddable":true,"href":"https:\/\/culturas.cc\/congresso2020\/wp-json\/wp\/v2\/categories?post=16885"},{"taxonomy":"post_tag","embeddable":true,"href":"https:\/\/culturas.cc\/congresso2020\/wp-json\/wp\/v2\/tags?post=16885"}],"curies":[{"name":"wp","href":"https:\/\/api.w.org\/{rel}","templated":true}]}}