{"id":16883,"date":"2020-11-12T01:26:42","date_gmt":"2020-11-12T04:26:42","guid":{"rendered":"https:\/\/culturas.cc\/congresso2020\/?p=16883"},"modified":"2020-11-12T01:27:15","modified_gmt":"2020-11-12T04:27:15","slug":"lab_museos-investigacoes-interdisciplinares-e-metodologias-experimentais-para-repensar-os-museus-no-chile-contemporaneo","status":"publish","type":"post","link":"https:\/\/culturas.cc\/congresso2020\/16883\/","title":{"rendered":"Lab_museos: investiga\u00e7\u00f5es interdisciplinares e metodologias experimentais para (re)pensar os museus no Chile contempor\u00e2neo"},"content":{"rendered":"\n<h3 class=\"wp-block-heading\">Yasmin Fabris, Ra\u00edza Cavalcanti, Angela Cort\u00e9s Per\u00e9z, Marisol Facuse<\/h3>\n\n\n\n<p>Essa mesa tem\u00e1tica pretende apresentar reflex\u00f5es te\u00f3ricas e metodol\u00f3gicas desenvolvidas no \u00e2mbito de implementa\u00e7\u00e3o do Laboratorio \u201cMuseos y Museolog\u00edas en el Chile Contempor\u00e1neo\u201d (Lab_Museos) &#8211; projeto de pesquisa aplicada vinculado ao N\u00facleo de Sociolog\u00eda del Arte y de las Pr\u00e1cticas Culturales da Universidad de Chile. O projeto foi desenvolvido com o objetivo principal de promover processos de interc\u00e2mbio de saberes, fortalecendo redes entre universidades e institui\u00e7\u00f5es da cultura do pa\u00eds e contribuindo, deste modo, para inova\u00e7\u00e3o social e cultural dos museus por meio de metodologias participativas. O Laborat\u00f3rio conta com a participa\u00e7\u00e3o de cinco institui\u00e7\u00f5es p\u00fablicas de Santiago, sendo elas, o Museo Hist\u00f3rico Nacional (MHN), o Museo Nacional de Bellas Artes (MNBA), o Museo de Arte Contempor\u00e1neo (MAC), o Museo de Arte Popular Americano Tom\u00e1s Lago (MAPA) e o Centro Nacional de Arte Contempor\u00e1neo Cerrillos (CNACC). Al\u00e9m disso, esses museus, atrav\u00e9s do Laborat\u00f3rio, est\u00e3o articulados em redes que conectam institui\u00e7\u00f5es e pesquisadores internacionais, al\u00e9m de estudantes e acad\u00eamicos nacionais, dedicados a estabelecer di\u00e1logos e reflex\u00f5es cr\u00edticas em cada uma das institui\u00e7\u00f5es. As metodologias de trabalho desenvolvidas no Lab_Museos almejam convocar e envolver um amplo n\u00famero de atores com a finalidade de (re)pensar e imaginar coletivamente o futuro dos museus contempor\u00e2neos, especialmente em momentos de crise, como o que atravessamos. \u00c9 relevante comentar, ainda, que a cria\u00e7\u00e3o desse projeto foi pensada a partir do \u201cestallido social\u201d de outubro de 2019, quando a sociedade chilena tomou a ruas com pautas diversas que pressionavam o modelo desenvolvimentista neoliberal encampado pelo governo do Chile desde a ditadura militar. Durante esse momento de revolta, foram demandados dos museus e institui\u00e7\u00f5es da cultura a\u00e7\u00f5es no sentido de democratizar seus espa\u00e7os e bens materiais e simb\u00f3licos, com a finalidade de promover maior proximidade e identifica\u00e7\u00e3o com a comunidade e seus p\u00fablicos. Sendo assim, esta mesa tem\u00e1tica tem o prop\u00f3sito de apresentar o desenho metodol\u00f3gico dessa rede experimental de Laborat\u00f3rios, suas pr\u00e1ticas e resultados preliminares. Com isso, espera-se criar um espa\u00e7o de compartilhamento de saberes que possibilitem refletir sobre os museus na Am\u00e9rica Latina em contextos de crises s\u00f3cio-pol\u00edticas e sanit\u00e1rias. O esfor\u00e7o de pensar os museus do futuro est\u00e1 diretamente relacionado com a atua\u00e7\u00e3o e promo\u00e7\u00e3o da cidadania em cada territ\u00f3rio e, com isso, em como esses espa\u00e7os culturais s\u00e3o centrais para promover formas de democratiza\u00e7\u00e3o na Am\u00e9rica Latina.<\/p>\n","protected":false},"excerpt":{"rendered":"<p>Yasmin Fabris, Ra\u00edza Cavalcanti, Angela Cort\u00e9s Per\u00e9z, Marisol Facuse Essa mesa tem\u00e1tica pretende apresentar reflex\u00f5es te\u00f3ricas e metodol\u00f3gicas desenvolvidas no \u00e2mbito de implementa\u00e7\u00e3o do Laboratorio \u201cMuseos y Museolog\u00edas en el&#8230;<\/p>\n","protected":false},"author":137,"featured_media":16867,"comment_status":"open","ping_status":"open","sticky":false,"template":"","format":"standard","meta":{"_bbp_topic_count":0,"_bbp_reply_count":0,"_bbp_total_topic_count":0,"_bbp_total_reply_count":0,"_bbp_voice_count":0,"_bbp_anonymous_reply_count":0,"_bbp_topic_count_hidden":0,"_bbp_reply_count_hidden":0,"_bbp_forum_subforum_count":0,"_jetpack_memberships_contains_paid_content":false,"footnotes":""},"categories":[161,179,1],"tags":[],"class_list":["post-16883","post","type-post","status-publish","format-standard","has-post-thumbnail","hentry","category-gt-5","category-live-11","category-resumos"],"jetpack_featured_media_url":"https:\/\/i0.wp.com\/culturas.cc\/congresso2020\/wp-content\/uploads\/sites\/9\/2020\/11\/gt5.png?fit=600%2C600&ssl=1","jetpack_sharing_enabled":true,"_links":{"self":[{"href":"https:\/\/culturas.cc\/congresso2020\/wp-json\/wp\/v2\/posts\/16883","targetHints":{"allow":["GET"]}}],"collection":[{"href":"https:\/\/culturas.cc\/congresso2020\/wp-json\/wp\/v2\/posts"}],"about":[{"href":"https:\/\/culturas.cc\/congresso2020\/wp-json\/wp\/v2\/types\/post"}],"author":[{"embeddable":true,"href":"https:\/\/culturas.cc\/congresso2020\/wp-json\/wp\/v2\/users\/137"}],"replies":[{"embeddable":true,"href":"https:\/\/culturas.cc\/congresso2020\/wp-json\/wp\/v2\/comments?post=16883"}],"version-history":[{"count":1,"href":"https:\/\/culturas.cc\/congresso2020\/wp-json\/wp\/v2\/posts\/16883\/revisions"}],"predecessor-version":[{"id":16884,"href":"https:\/\/culturas.cc\/congresso2020\/wp-json\/wp\/v2\/posts\/16883\/revisions\/16884"}],"wp:featuredmedia":[{"embeddable":true,"href":"https:\/\/culturas.cc\/congresso2020\/wp-json\/wp\/v2\/media\/16867"}],"wp:attachment":[{"href":"https:\/\/culturas.cc\/congresso2020\/wp-json\/wp\/v2\/media?parent=16883"}],"wp:term":[{"taxonomy":"category","embeddable":true,"href":"https:\/\/culturas.cc\/congresso2020\/wp-json\/wp\/v2\/categories?post=16883"},{"taxonomy":"post_tag","embeddable":true,"href":"https:\/\/culturas.cc\/congresso2020\/wp-json\/wp\/v2\/tags?post=16883"}],"curies":[{"name":"wp","href":"https:\/\/api.w.org\/{rel}","templated":true}]}}