{"id":16881,"date":"2020-11-12T01:24:55","date_gmt":"2020-11-12T04:24:55","guid":{"rendered":"https:\/\/culturas.cc\/congresso2020\/?p=16881"},"modified":"2020-11-12T01:25:14","modified_gmt":"2020-11-12T04:25:14","slug":"caminhos-e-descaminhos-do-patrimonio-imaterial-baiano-experiencias-em-torno-da-salvaguarda-e-dos-direitos-culturais","status":"publish","type":"post","link":"https:\/\/culturas.cc\/congresso2020\/16881\/","title":{"rendered":"Caminhos e descaminhos do patrim\u00f4nio imaterial baiano: experi\u00eancias em torno da salvaguarda e dos direitos culturais"},"content":{"rendered":"\n<h3 class=\"wp-block-heading\">Magnair Santos Barbosa, Adriana Cerqueira Silva, N\u00edvea Alves dos Santos, Paula Pfl\u00fcger Zanardi, Maria Paula Adinolfi<\/h3>\n\n\n\n<p>Em tempos t\u00e3o escusos que afeta diretamente as pol\u00edticas p\u00fablicas voltadas ao patrim\u00f4nio cultural, trazemos a proposi\u00e7\u00e3o de pensar os caminhos e descaminhos que envolvem o patrim\u00f4nio imaterial baiano, principalmente o que concerne a sua salvaguarda. O patrim\u00f4nio imaterial trata das pr\u00e1ticas, express\u00f5es l\u00fadicas e art\u00edsticas, saberes, fazeres e lugares\/espa\u00e7os, representativos para comunidades, e, portanto, constitutivos das identidades culturais. Est\u00e1 assim, relacionado diretamente aos indiv\u00edduos, suas pr\u00e1ticas e direcionamentos pol\u00edticos e sociais voltados a preserva\u00e7\u00e3o cultural.<\/p>\n\n\n\n<p>A salvaguarda \u00e9 o lugar latente das lutas em prol das pol\u00edticas preservacionistas dos bens culturais imateriais. Onde se tra\u00e7a caminhos, estrat\u00e9gias, alian\u00e7as, disputas, conflitos e negocia\u00e7\u00f5es. Traremos nessa mesa as experi\u00eancias constru\u00eddas junto a grupos de capoeira, terreiros de candombl\u00e9, irmandades negras, afox\u00e9s, samba de roda, samba junino, baianas de acaraj\u00e9, ceramistas, mestres art\u00edfices da constru\u00e7\u00e3o, dentre outros, interlocutores dos trabalhos t\u00e9cnicos desenvolvido pelas expositoras.<\/p>\n\n\n\n<p>Temos no cen\u00e1rio atual, diversos enfrentamentos frente a uma bancada evang\u00e9lica, que ataca os patrim\u00f4nios afro-brasileiros, mas tamb\u00e9m outras quest\u00f5es que envolvem lutas por defesa da propriedade intelectual, fomento, financiamento p\u00fablico\/privado, democratiza\u00e7\u00e3o dos recursos p\u00fablicos, di\u00e1logos com \u00f3rg\u00e3os p\u00fablicos, co-participa\u00e7\u00e3o nas tomadas de decis\u00f5es, capacita\u00e7\u00e3o dos agentes para autogest\u00e3o e sustentabilidade dos bens culturais.<\/p>\n","protected":false},"excerpt":{"rendered":"<p>Magnair Santos Barbosa, Adriana Cerqueira Silva, N\u00edvea Alves dos Santos, Paula Pfl\u00fcger Zanardi, Maria Paula Adinolfi Em tempos t\u00e3o escusos que afeta diretamente as pol\u00edticas p\u00fablicas voltadas ao patrim\u00f4nio cultural,&#8230;<\/p>\n","protected":false},"author":137,"featured_media":16867,"comment_status":"open","ping_status":"open","sticky":false,"template":"","format":"standard","meta":{"_bbp_topic_count":0,"_bbp_reply_count":0,"_bbp_total_topic_count":0,"_bbp_total_reply_count":0,"_bbp_voice_count":0,"_bbp_anonymous_reply_count":0,"_bbp_topic_count_hidden":0,"_bbp_reply_count_hidden":0,"_bbp_forum_subforum_count":0,"_jetpack_memberships_contains_paid_content":false,"footnotes":""},"categories":[161,179,1],"tags":[],"class_list":["post-16881","post","type-post","status-publish","format-standard","has-post-thumbnail","hentry","category-gt-5","category-live-11","category-resumos"],"jetpack_featured_media_url":"https:\/\/i0.wp.com\/culturas.cc\/congresso2020\/wp-content\/uploads\/sites\/9\/2020\/11\/gt5.png?fit=600%2C600&ssl=1","jetpack_sharing_enabled":true,"_links":{"self":[{"href":"https:\/\/culturas.cc\/congresso2020\/wp-json\/wp\/v2\/posts\/16881","targetHints":{"allow":["GET"]}}],"collection":[{"href":"https:\/\/culturas.cc\/congresso2020\/wp-json\/wp\/v2\/posts"}],"about":[{"href":"https:\/\/culturas.cc\/congresso2020\/wp-json\/wp\/v2\/types\/post"}],"author":[{"embeddable":true,"href":"https:\/\/culturas.cc\/congresso2020\/wp-json\/wp\/v2\/users\/137"}],"replies":[{"embeddable":true,"href":"https:\/\/culturas.cc\/congresso2020\/wp-json\/wp\/v2\/comments?post=16881"}],"version-history":[{"count":1,"href":"https:\/\/culturas.cc\/congresso2020\/wp-json\/wp\/v2\/posts\/16881\/revisions"}],"predecessor-version":[{"id":16882,"href":"https:\/\/culturas.cc\/congresso2020\/wp-json\/wp\/v2\/posts\/16881\/revisions\/16882"}],"wp:featuredmedia":[{"embeddable":true,"href":"https:\/\/culturas.cc\/congresso2020\/wp-json\/wp\/v2\/media\/16867"}],"wp:attachment":[{"href":"https:\/\/culturas.cc\/congresso2020\/wp-json\/wp\/v2\/media?parent=16881"}],"wp:term":[{"taxonomy":"category","embeddable":true,"href":"https:\/\/culturas.cc\/congresso2020\/wp-json\/wp\/v2\/categories?post=16881"},{"taxonomy":"post_tag","embeddable":true,"href":"https:\/\/culturas.cc\/congresso2020\/wp-json\/wp\/v2\/tags?post=16881"}],"curies":[{"name":"wp","href":"https:\/\/api.w.org\/{rel}","templated":true}]}}