{"id":16879,"date":"2020-11-12T01:23:47","date_gmt":"2020-11-12T04:23:47","guid":{"rendered":"https:\/\/culturas.cc\/congresso2020\/?p=16879"},"modified":"2020-11-12T01:25:22","modified_gmt":"2020-11-12T04:25:22","slug":"materialidade-fugaz-um-percurso-atraves-da-arte","status":"publish","type":"post","link":"https:\/\/culturas.cc\/congresso2020\/16879\/","title":{"rendered":"Materialidade fugaz: um percurso atrav\u00e9s da arte"},"content":{"rendered":"\n<h3 class=\"wp-block-heading\">Francisco Mesquita, Madeleine Muller<\/h3>\n\n\n\n<p>Estamos todos numa solid\u00e3o e numa multid\u00e3o ao mesmo tempo, vivendo o fim do futuro, lembrou Bauman. No future!, proclamavam os punks, num grito de concord\u00e2ncia com um mundo que se liquefez na incerteza do tempo. Sartre legou-nos o amor visceral pelo homem. Talvez por isso, na d\u00favida do momento, tamb\u00e9m uma vontade indom\u00e1vel de vomitar a n\u00e1usea do ser, do estar, do existir. Tanto faz, na indiferen\u00e7a das ideias, que tudo seja t\u00e3o indiferente para todos. A N\u00e1usea somos n\u00f3s que devor\u00e1mos todos os estados do universo, numa espiral dial\u00e9tica que levou \u00e0 imaterialidade.<\/p>\n\n\n\n<p>No S\u00d3LIDO vislumbr\u00e1mos Consumidores e produtores, Durabilidade, Consumo para a sobreviv\u00eancia, Institui\u00e7\u00f5es s\u00f3lidas e Imobilidade geogr\u00e1fica e trabalhista. No L\u00cdQUIDO sobreveio o Consumidor \u00e1vido, Consumo para aceita\u00e7\u00e3o material, Obsol\u00eancia programada, Institui\u00e7\u00f5es e rela\u00e7\u00f5es fluidas, Mobilidade geogr\u00e1fica e flexibilidade trabalhista. No GASOSO confrontamo-nos com a Sociedade de consumidos, O p\u00f3s-consumo, Institui\u00e7\u00f5es gasosas, A inexorabilidade da sociedade digital e o decrescimento como obriga\u00e7\u00e3o.<\/p>\n\n\n\n<p>A obra de arte a veicular, abastecida de uma mem\u00f3ria cultural e seguindo pistas vivenciais, levanta quest\u00f5es do olhar, do pensamento e da passagem, convocando mitos e ritos. Dispositivos tecnol\u00f3gicos diversos: v\u00eddeo, voz, fotografia, design e materiais fotosens\u00edveis, que materializam a&nbsp;<\/p>\n\n\n\n<p>imaterilialidade desta viagem espiritual e metaf\u00f3rica.<\/p>\n\n\n\n<p><strong>Refer\u00eancias culturais, autorais e outras viv\u00eancias&nbsp;&nbsp;&nbsp;<\/strong>Modernismo l Surrealismo l P\u00f3s-modernismo l Zygmunt Bauman l Jean-Paul Sartre l Rock l Punk l Fernando Pessoa l Carlos Drummond de Andrade l Georges M\u00e9li\u00e8s l Walter Benjamin l Marcel Duchamp l M\u00e1rio Cesariny l e muitos muitos outros&#8230;<\/p>\n","protected":false},"excerpt":{"rendered":"<p>Francisco Mesquita, Madeleine Muller Estamos todos numa solid\u00e3o e numa multid\u00e3o ao mesmo tempo, vivendo o fim do futuro, lembrou Bauman. No future!, proclamavam os punks, num grito de concord\u00e2ncia&#8230;<\/p>\n","protected":false},"author":137,"featured_media":16867,"comment_status":"open","ping_status":"open","sticky":false,"template":"","format":"standard","meta":{"_bbp_topic_count":0,"_bbp_reply_count":0,"_bbp_total_topic_count":0,"_bbp_total_reply_count":0,"_bbp_voice_count":0,"_bbp_anonymous_reply_count":0,"_bbp_topic_count_hidden":0,"_bbp_reply_count_hidden":0,"_bbp_forum_subforum_count":0,"_jetpack_memberships_contains_paid_content":false,"footnotes":""},"categories":[161,179,1],"tags":[],"class_list":["post-16879","post","type-post","status-publish","format-standard","has-post-thumbnail","hentry","category-gt-5","category-live-11","category-resumos"],"jetpack_featured_media_url":"https:\/\/i0.wp.com\/culturas.cc\/congresso2020\/wp-content\/uploads\/sites\/9\/2020\/11\/gt5.png?fit=600%2C600&ssl=1","jetpack_sharing_enabled":true,"_links":{"self":[{"href":"https:\/\/culturas.cc\/congresso2020\/wp-json\/wp\/v2\/posts\/16879","targetHints":{"allow":["GET"]}}],"collection":[{"href":"https:\/\/culturas.cc\/congresso2020\/wp-json\/wp\/v2\/posts"}],"about":[{"href":"https:\/\/culturas.cc\/congresso2020\/wp-json\/wp\/v2\/types\/post"}],"author":[{"embeddable":true,"href":"https:\/\/culturas.cc\/congresso2020\/wp-json\/wp\/v2\/users\/137"}],"replies":[{"embeddable":true,"href":"https:\/\/culturas.cc\/congresso2020\/wp-json\/wp\/v2\/comments?post=16879"}],"version-history":[{"count":1,"href":"https:\/\/culturas.cc\/congresso2020\/wp-json\/wp\/v2\/posts\/16879\/revisions"}],"predecessor-version":[{"id":16880,"href":"https:\/\/culturas.cc\/congresso2020\/wp-json\/wp\/v2\/posts\/16879\/revisions\/16880"}],"wp:featuredmedia":[{"embeddable":true,"href":"https:\/\/culturas.cc\/congresso2020\/wp-json\/wp\/v2\/media\/16867"}],"wp:attachment":[{"href":"https:\/\/culturas.cc\/congresso2020\/wp-json\/wp\/v2\/media?parent=16879"}],"wp:term":[{"taxonomy":"category","embeddable":true,"href":"https:\/\/culturas.cc\/congresso2020\/wp-json\/wp\/v2\/categories?post=16879"},{"taxonomy":"post_tag","embeddable":true,"href":"https:\/\/culturas.cc\/congresso2020\/wp-json\/wp\/v2\/tags?post=16879"}],"curies":[{"name":"wp","href":"https:\/\/api.w.org\/{rel}","templated":true}]}}