{"id":16877,"date":"2020-11-12T01:21:24","date_gmt":"2020-11-12T04:21:24","guid":{"rendered":"https:\/\/culturas.cc\/congresso2020\/?p=16877"},"modified":"2020-11-12T01:21:51","modified_gmt":"2020-11-12T04:21:51","slug":"percepcoes-e-imaginarios-pesquisas-em-desenho-cultura-e-interatividade","status":"publish","type":"post","link":"https:\/\/culturas.cc\/congresso2020\/16877\/","title":{"rendered":"Percep\u00e7\u00f5es e imagin\u00e1rios: pesquisas em desenho, cultura e interatividade"},"content":{"rendered":"\n<h3 class=\"wp-block-heading\">Francisco Ant\u00f4nio Zorzo, Suzane Costa Lopes Braz, Ricardo Ferreira Rocha, Thiago Lins da Silva, Jaqueline de Jesus de Lemos<\/h3>\n\n\n\n<p>A mesa coordenada pretende mostrar algumas reflex\u00f5es dentro do campo interdisciplinar do desenho, da cultura e da interdisciplinaridade. Parece muito conveniente considerar a intera\u00e7\u00e3o entre lugares, percep\u00e7\u00f5es e imagin\u00e1rio na constitui\u00e7\u00e3o de pesquisas do programa PPGDCI\/UEFS. Essa atividade foi nucleadora do curso que estuda a percep\u00e7\u00e3o e a produ\u00e7\u00e3o de imagens, no semestre letivo remoto de 2020.<\/p>\n\n\n\n<p>Nesse sentido, parece v\u00e1lido rever, por exemplo, as defini\u00e7\u00f5es cl\u00e1ssicas de percep\u00e7\u00e3o e de imagem, como c\u00e2none e modelo, a fim de conseguirmos tra\u00e7ar as perspectivas que contemplem a educa\u00e7\u00e3o, a cultura e a visualidade contempor\u00e2nea. Partiu-se para uma posi\u00e7\u00e3o interdisciplinar de estudar a percep\u00e7\u00e3o a partir do corpo e a visualidade com base na cr\u00edtica da representa\u00e7\u00e3o, que parece estar em jogo na contemporaneidade,&nbsp;procurando vincul\u00e1-los com os mecanismos de constitui\u00e7\u00e3o de comportamentos e subjetividades.<\/p>\n\n\n\n<p>Um dos componentes da mesa, veio estudar o desenho infantil, usando uma metodologia fenomenol\u00f3gica para compreender em que medida esse m\u00e9todo pode dar visibilidade ao sentido do desenho dado pela crian\u00e7a que observa e ao mesmo tempo, \u00e9 sujeito da a\u00e7\u00e3o de desenhar. A palavra crian\u00e7a \u00e9 utilizada numa tentativa de contextualizar um sujeito hist\u00f3rico e cultural imerso na inf\u00e2ncia. A inf\u00e2ncia, por sua vez, \u00e9 pensada a partir de Freud. O desenho se revela como uma possibilidade para a crian\u00e7a planejar a\u00e7\u00f5es, interagir com o meio e expressar-se.&nbsp;<\/p>\n\n\n\n<p>Em outra pesquisa, a ser relatada na mesa, \u00e9 exposto como a comunica\u00e7\u00e3o e informa\u00e7\u00e3o contribuem para reconfigurar a percep\u00e7\u00e3o da cultura na&nbsp;contemporaneidade. Tendo em mente tal concep\u00e7\u00e3o, pode-se partir de uma refer\u00eancia mais concreta para estudar a arte dos quadrinhos. Foi selecionada a produ\u00e7\u00e3o de desenhos\/quadrinhos,\u00e0 pintura, a HQ <em>\u00d3leo sobre Tela<\/em>, da quadrinista Aline Zouvi, que dialoga abertamente com a obra do pintor belga Ren\u00e9 Magritte. Problematizaremos quest\u00f5es no que tange \u00e0 representa\u00e7\u00e3o contempor\u00e2nea, os saberes e lugares que se encontram no entremeio da imagem quadrin\u00edstica e pict\u00f3rica.&nbsp;<\/p>\n\n\n\n<p>Outro componente da mesa traz reflex\u00f5es sobre o ensino m\u00e9dio e a roda de samba enquanto media\u00e7\u00e3o did\u00e1tica\\pedag\u00f3gica no ensino; discuti quest\u00f5es metodol\u00f3gicas que permitam refletir acerca do atual modelo educacional e, dialogar quest\u00f5es entrela\u00e7adas a linguagem do corpo tida como n\u00e3o verbal na pratica educativa. Para isso ser\u00e1 imprescind\u00edvel apresentar, \u00e0 luz da teoria foucaultiana do discurso, elementos pertinentes \u00e0 rela\u00e7\u00e3o professor-aluno.<\/p>\n\n\n\n<p>Ser\u00e1 posto em discuss\u00e3o, a partir de outra pesquisa, quest\u00f5es sobre a feira livre e a cultura, com um olhar voltado para os conceitos de imagem, lugar, e cartografias afetivas no contexto da geografia cultural.<\/p>\n\n\n\n<p>As pesquisas reunidas na mesa, trazem uma reflex\u00e3o e um acolhimento cr\u00edtico \u00e0s percep\u00e7\u00f5es e imagin\u00e1rios, por tratarem exatamente de problematizar o olho e o olhar na sociedade em que vivemos. Na mesa que foi constitu\u00edda com a proposta acima delineada, expressa-se um desejo de compreens\u00e3o do lugar do desenho\/imagem na cultura contempor\u00e2nea. As comunica\u00e7\u00f5es a ser apresentadas e debatidas na mesa, oferecem uma oportunidade para compreens\u00e3o de uma realidade&nbsp;cognitiva e&nbsp;cultural em curso no nosso ambiente acad\u00eamico.<\/p>\n","protected":false},"excerpt":{"rendered":"<p>Francisco Ant\u00f4nio Zorzo, Suzane Costa Lopes Braz, Ricardo Ferreira Rocha, Thiago Lins da Silva, Jaqueline de Jesus de Lemos A mesa coordenada pretende mostrar algumas reflex\u00f5es dentro do campo interdisciplinar&#8230;<\/p>\n","protected":false},"author":137,"featured_media":16867,"comment_status":"open","ping_status":"open","sticky":false,"template":"","format":"standard","meta":{"_bbp_topic_count":0,"_bbp_reply_count":0,"_bbp_total_topic_count":0,"_bbp_total_reply_count":0,"_bbp_voice_count":0,"_bbp_anonymous_reply_count":0,"_bbp_topic_count_hidden":0,"_bbp_reply_count_hidden":0,"_bbp_forum_subforum_count":0,"_jetpack_memberships_contains_paid_content":false,"footnotes":""},"categories":[161,178,1],"tags":[],"class_list":["post-16877","post","type-post","status-publish","format-standard","has-post-thumbnail","hentry","category-gt-5","category-live-10","category-resumos"],"jetpack_featured_media_url":"https:\/\/i0.wp.com\/culturas.cc\/congresso2020\/wp-content\/uploads\/sites\/9\/2020\/11\/gt5.png?fit=600%2C600&ssl=1","jetpack_sharing_enabled":true,"_links":{"self":[{"href":"https:\/\/culturas.cc\/congresso2020\/wp-json\/wp\/v2\/posts\/16877","targetHints":{"allow":["GET"]}}],"collection":[{"href":"https:\/\/culturas.cc\/congresso2020\/wp-json\/wp\/v2\/posts"}],"about":[{"href":"https:\/\/culturas.cc\/congresso2020\/wp-json\/wp\/v2\/types\/post"}],"author":[{"embeddable":true,"href":"https:\/\/culturas.cc\/congresso2020\/wp-json\/wp\/v2\/users\/137"}],"replies":[{"embeddable":true,"href":"https:\/\/culturas.cc\/congresso2020\/wp-json\/wp\/v2\/comments?post=16877"}],"version-history":[{"count":1,"href":"https:\/\/culturas.cc\/congresso2020\/wp-json\/wp\/v2\/posts\/16877\/revisions"}],"predecessor-version":[{"id":16878,"href":"https:\/\/culturas.cc\/congresso2020\/wp-json\/wp\/v2\/posts\/16877\/revisions\/16878"}],"wp:featuredmedia":[{"embeddable":true,"href":"https:\/\/culturas.cc\/congresso2020\/wp-json\/wp\/v2\/media\/16867"}],"wp:attachment":[{"href":"https:\/\/culturas.cc\/congresso2020\/wp-json\/wp\/v2\/media?parent=16877"}],"wp:term":[{"taxonomy":"category","embeddable":true,"href":"https:\/\/culturas.cc\/congresso2020\/wp-json\/wp\/v2\/categories?post=16877"},{"taxonomy":"post_tag","embeddable":true,"href":"https:\/\/culturas.cc\/congresso2020\/wp-json\/wp\/v2\/tags?post=16877"}],"curies":[{"name":"wp","href":"https:\/\/api.w.org\/{rel}","templated":true}]}}