{"id":16869,"date":"2020-11-12T01:15:24","date_gmt":"2020-11-12T04:15:24","guid":{"rendered":"https:\/\/culturas.cc\/congresso2020\/?p=16869"},"modified":"2020-11-12T01:15:55","modified_gmt":"2020-11-12T04:15:55","slug":"gipe-corpo-grupo-interdisciplinar-de-pesquisa-e-extensao-sobre-as-corporeidades-mesticas-em-ecoperformance","status":"publish","type":"post","link":"https:\/\/culturas.cc\/congresso2020\/16869\/","title":{"rendered":"GIPE-Corpo: grupo interdisciplinar de pesquisa e extens\u00e3o sobre as corporeidades mesti\u00e7as e(m) ecoperformance"},"content":{"rendered":"\n<h3 class=\"wp-block-heading\">Leonardo Jose Sebiane Serrano, Ciane Fernandes, Marcus Vin\u00edcius Mendes Souza, Natan carlos raposo Duarte, Vera Solange Pires Gomes de Sousa<\/h3>\n\n\n\n<p>A comunica\u00e7\u00e3o pretende um di\u00e1logo com as linhas de pesquisa do GIPE-Corpo (Grupo Interdisciplinar de Pesquisa e Extens\u00e3o sobre as Corporeidades Mesti\u00e7as e(m) Ecoperformance) grupo de pesquisa vinculado \u00e0 UFBA sobre coordena\u00e7\u00e3o do professor Dr. Leonardo Sebiane. Ditas linhas s\u00e3o:<\/p>\n\n\n\n<ol class=\"wp-block-list\"><li>Abordagem Som\u00e1tico-Performativa;<\/li><li>EcoPerformance;<\/li><li>Corporeidades, Mesti\u00e7agem e Educa\u00e7\u00e3o Anticolonial;&nbsp;<\/li><li>Som\u00e1tica e Tecnologia.&nbsp;<\/li><\/ol>\n\n\n\n<p>Estas linhas involucram a soma nas suas rela\u00e7\u00f5es com a cultura, comunica\u00e7\u00e3o e sensibilidade atrav\u00e9s das artes, assim como sustenta a\u00e7\u00f5es de educa\u00e7\u00e3o anti-coloniais para a ecologia de saberes, entre os quais se encontram os saberes populares e dos povos origin\u00e1rios. Tais linhas s\u00e3o assim divididas apenas para fins de estudo metodol\u00f3gico, mas entendendo que as pesquisas podem transitar (em graus variados) por mais de uma das linhas, tornando-se hibrida.<\/p>\n\n\n\n<p>O Gipe-Copo apresentou a\u00e7\u00f5es espec\u00edficas na Universidade, e fora dela, a partir dos pilares de Pesquisa-Doc\u00eancia-Extens\u00e3o. Desta forma, atua visando:&nbsp;<\/p>\n\n\n\n<ul class=\"wp-block-list\"><li>Desenvolver performances e estudando as rela\u00e7\u00f5es e suas reverbera\u00e7\u00f5es no corpo do artista;<\/li><li>Estudar a reverbera\u00e7\u00e3o social no corpo art\u00edstico, analisando suas provoca\u00e7\u00f5es;<\/li><li>Desenvolver processos acad\u00eamicos de a\u00e7\u00f5es docentes que visem a experimenta\u00e7\u00e3o discente da performance, em seus diversos graus;<\/li><li>Sensibilizar o Eu-sujeito da a\u00e7\u00e3o, transfigurando-o em interlocutor de sentimentos, sensa\u00e7\u00f5es e saberes<\/li><li>Introduzir conceitos tecnol\u00f3gicos \u00e0 pesquisa do artista, entendendo sua repercursao no processo e no produto, alinhado as interfer\u00eancias provocadas e propiciadas pela tecnologia nas artes<\/li><li>Contruibuir para a emancipa\u00e7\u00e3o do ser, compreendendo o corpo como hist\u00f3rico, sens\u00edvel, e biol\u00f3gico<\/li><\/ul>\n\n\n\n<p>A mesa proposta apresentar\u00e1 um aglomerado de pesquisas que est\u00e3o sendo desenvolvidas dentro do grupo, em cada uma de suas linhas, fortalecendo v\u00ednculo entre sociedade, universidade, artistas e fazedores culturais.<\/p>\n","protected":false},"excerpt":{"rendered":"<p>Leonardo Jose Sebiane Serrano, Ciane Fernandes, Marcus Vin\u00edcius Mendes Souza, Natan carlos raposo Duarte, Vera Solange Pires Gomes de Sousa A comunica\u00e7\u00e3o pretende um di\u00e1logo com as linhas de pesquisa&#8230;<\/p>\n","protected":false},"author":137,"featured_media":16867,"comment_status":"open","ping_status":"open","sticky":false,"template":"","format":"standard","meta":{"_bbp_topic_count":0,"_bbp_reply_count":0,"_bbp_total_topic_count":0,"_bbp_total_reply_count":0,"_bbp_voice_count":0,"_bbp_anonymous_reply_count":0,"_bbp_topic_count_hidden":0,"_bbp_reply_count_hidden":0,"_bbp_forum_subforum_count":0,"_jetpack_memberships_contains_paid_content":false,"footnotes":""},"categories":[161,177,1],"tags":[],"class_list":["post-16869","post","type-post","status-publish","format-standard","has-post-thumbnail","hentry","category-gt-5","category-live-9","category-resumos"],"jetpack_featured_media_url":"https:\/\/i0.wp.com\/culturas.cc\/congresso2020\/wp-content\/uploads\/sites\/9\/2020\/11\/gt5.png?fit=600%2C600&ssl=1","jetpack_sharing_enabled":true,"_links":{"self":[{"href":"https:\/\/culturas.cc\/congresso2020\/wp-json\/wp\/v2\/posts\/16869","targetHints":{"allow":["GET"]}}],"collection":[{"href":"https:\/\/culturas.cc\/congresso2020\/wp-json\/wp\/v2\/posts"}],"about":[{"href":"https:\/\/culturas.cc\/congresso2020\/wp-json\/wp\/v2\/types\/post"}],"author":[{"embeddable":true,"href":"https:\/\/culturas.cc\/congresso2020\/wp-json\/wp\/v2\/users\/137"}],"replies":[{"embeddable":true,"href":"https:\/\/culturas.cc\/congresso2020\/wp-json\/wp\/v2\/comments?post=16869"}],"version-history":[{"count":1,"href":"https:\/\/culturas.cc\/congresso2020\/wp-json\/wp\/v2\/posts\/16869\/revisions"}],"predecessor-version":[{"id":16870,"href":"https:\/\/culturas.cc\/congresso2020\/wp-json\/wp\/v2\/posts\/16869\/revisions\/16870"}],"wp:featuredmedia":[{"embeddable":true,"href":"https:\/\/culturas.cc\/congresso2020\/wp-json\/wp\/v2\/media\/16867"}],"wp:attachment":[{"href":"https:\/\/culturas.cc\/congresso2020\/wp-json\/wp\/v2\/media?parent=16869"}],"wp:term":[{"taxonomy":"category","embeddable":true,"href":"https:\/\/culturas.cc\/congresso2020\/wp-json\/wp\/v2\/categories?post=16869"},{"taxonomy":"post_tag","embeddable":true,"href":"https:\/\/culturas.cc\/congresso2020\/wp-json\/wp\/v2\/tags?post=16869"}],"curies":[{"name":"wp","href":"https:\/\/api.w.org\/{rel}","templated":true}]}}