{"id":16866,"date":"2020-11-12T01:13:26","date_gmt":"2020-11-12T04:13:26","guid":{"rendered":"https:\/\/culturas.cc\/congresso2020\/?p=16866"},"modified":"2020-11-12T01:13:57","modified_gmt":"2020-11-12T04:13:57","slug":"dimensoes-sensiveis-da-aparencia-para-um-mundo-incerto","status":"publish","type":"post","link":"https:\/\/culturas.cc\/congresso2020\/16866\/","title":{"rendered":"Dimens\u00f5es sens\u00edveis da apar\u00eancia para um mundo incerto"},"content":{"rendered":"\n<h3 class=\"wp-block-heading\">Renata Pitombo Cidreira, Renata Costa Leahy, Etevaldo Santos Cruz, Gina Rocha Reis Vieira, Fernanda Barbosa dos Santos<\/h3>\n\n\n\n<p>A mesa pretende discutir as din\u00e2micas que envolvem a composi\u00e7\u00e3o da apar\u00eancia, especialmente na atualidade, quando as formas de sociabilidade e apari\u00e7\u00e3o foram reordenadas no cen\u00e1rio pand\u00eamico da Covid-19. Com isso, o grupo evocar\u00e1 a dimens\u00e3o da sensibilidade para pensar a composi\u00e7\u00e3o de si, as formas de apari\u00e7\u00e3o e presentifica\u00e7\u00e3o no mundo atrav\u00e9s do corpo e dos investimentos sobre ele, o que envolve a roupa e a indument\u00e1ria, os acess\u00f3rios, as imagens de moda e a performance.<\/p>\n","protected":false},"excerpt":{"rendered":"<p>Renata Pitombo Cidreira, Renata Costa Leahy, Etevaldo Santos Cruz, Gina Rocha Reis Vieira, Fernanda Barbosa dos Santos A mesa pretende discutir as din\u00e2micas que envolvem a composi\u00e7\u00e3o da apar\u00eancia, especialmente&#8230;<\/p>\n","protected":false},"author":137,"featured_media":16867,"comment_status":"open","ping_status":"open","sticky":false,"template":"","format":"standard","meta":{"_bbp_topic_count":0,"_bbp_reply_count":0,"_bbp_total_topic_count":0,"_bbp_total_reply_count":0,"_bbp_voice_count":0,"_bbp_anonymous_reply_count":0,"_bbp_topic_count_hidden":0,"_bbp_reply_count_hidden":0,"_bbp_forum_subforum_count":0,"_jetpack_memberships_contains_paid_content":false,"footnotes":""},"categories":[161,177,1],"tags":[],"class_list":["post-16866","post","type-post","status-publish","format-standard","has-post-thumbnail","hentry","category-gt-5","category-live-9","category-resumos"],"jetpack_featured_media_url":"https:\/\/i0.wp.com\/culturas.cc\/congresso2020\/wp-content\/uploads\/sites\/9\/2020\/11\/gt5.png?fit=600%2C600&ssl=1","jetpack_sharing_enabled":true,"_links":{"self":[{"href":"https:\/\/culturas.cc\/congresso2020\/wp-json\/wp\/v2\/posts\/16866","targetHints":{"allow":["GET"]}}],"collection":[{"href":"https:\/\/culturas.cc\/congresso2020\/wp-json\/wp\/v2\/posts"}],"about":[{"href":"https:\/\/culturas.cc\/congresso2020\/wp-json\/wp\/v2\/types\/post"}],"author":[{"embeddable":true,"href":"https:\/\/culturas.cc\/congresso2020\/wp-json\/wp\/v2\/users\/137"}],"replies":[{"embeddable":true,"href":"https:\/\/culturas.cc\/congresso2020\/wp-json\/wp\/v2\/comments?post=16866"}],"version-history":[{"count":1,"href":"https:\/\/culturas.cc\/congresso2020\/wp-json\/wp\/v2\/posts\/16866\/revisions"}],"predecessor-version":[{"id":16868,"href":"https:\/\/culturas.cc\/congresso2020\/wp-json\/wp\/v2\/posts\/16866\/revisions\/16868"}],"wp:featuredmedia":[{"embeddable":true,"href":"https:\/\/culturas.cc\/congresso2020\/wp-json\/wp\/v2\/media\/16867"}],"wp:attachment":[{"href":"https:\/\/culturas.cc\/congresso2020\/wp-json\/wp\/v2\/media?parent=16866"}],"wp:term":[{"taxonomy":"category","embeddable":true,"href":"https:\/\/culturas.cc\/congresso2020\/wp-json\/wp\/v2\/categories?post=16866"},{"taxonomy":"post_tag","embeddable":true,"href":"https:\/\/culturas.cc\/congresso2020\/wp-json\/wp\/v2\/tags?post=16866"}],"curies":[{"name":"wp","href":"https:\/\/api.w.org\/{rel}","templated":true}]}}