{"id":16862,"date":"2020-11-12T01:08:37","date_gmt":"2020-11-12T04:08:37","guid":{"rendered":"https:\/\/culturas.cc\/congresso2020\/?p=16862"},"modified":"2020-11-12T01:08:56","modified_gmt":"2020-11-12T04:08:56","slug":"nem-a-morte-nos-une-o-futuro-da-humanidade-no-pos-covid-19","status":"publish","type":"post","link":"https:\/\/culturas.cc\/congresso2020\/16862\/","title":{"rendered":"Nem a morte nos une. o futuro da humanidade no p\u00f3s-covid-19"},"content":{"rendered":"\n<h3 class=\"wp-block-heading\">V\u00edtor de Sousa, Pedro Rodrigues Costa, Edson Capoano, Carlos Pimenta<\/h3>\n\n\n\n<p>Esta proposta de mesa tem a pretens\u00e3o de deslocar a centralidade do debate sobre a Covid-19 para a condi\u00e7\u00e3o humana p\u00f3s-pandemia. Utiliza-se como eixo o conceito de imita\u00e7\u00e3o de Gabriel Tarde (1978), al\u00e9m de outros autores que contribuem para a reflex\u00e3o sobre as \u201ctrag\u00e9dias\u201d geradas pelo novo coronav\u00edrus, a partir do clima de inseguran\u00e7a e medo instaurados na humanidade e na economia. Prop\u00f5e-se um ensaio te\u00f3rico em que se utilizam de recursos da \u201cimagina\u00e7\u00e3o sociol\u00f3gica\u201d, no sentido de prospe\u00e7\u00e3o da invers\u00e3o da ordem estabelecida e apresentam-se nove argumentos distintos e correlacionados, como an\u00e1lise do panorama poss\u00edvel que coloque o fito na esperan\u00e7a, dentro do contexto do uso do verbo transitivo direto e pronominal \u201cesperan\u00e7ar\u201d, da a\u00e7\u00e3o pol\u00edtica, do almejar, do buscar, enquanto contr\u00e1rio ao ato de esperar.&nbsp;<\/p>\n\n\n\n<p>Imaginar sociologicamente o amanh\u00e3, ap\u00f3s o arrefecimento da crise pand\u00eamica n\u00e3o est\u00e1 desconectado da \u201cesperan\u00e7a\u201d, enquanto ato e a\u00e7\u00e3o pol\u00edtica, muito mais complexo e conflituante ao embaralhar-se, como num jogo de cartas, conce\u00e7\u00f5es de sa\u00fade, sobreviv\u00eancia e sociedade utopicamente idealizada.&nbsp;<\/p>\n\n\n\n<p>O futuro tem futuro, mesmo que o resultado n\u00e3o signifique que o amanh\u00e3 ser\u00e1 melhor do que o presente. E, se olhado pelo \u00e2ngulo das quest\u00f5es sociais, observa-se um agravamento suportado pelo modelo organizativo privilegiado, principalmente nos chamados pa\u00edses \u201cperif\u00e9ricos\u201d, pois \u00e9 suposto estarem todos juntos, indistintamente, para evitar o mortic\u00ednio pand\u00e9mico que se anuncia de tempos em tempos.&nbsp;<\/p>\n\n\n\n<p>Dentro desse modelo de ordem social (hegem\u00f3nico, central, colonizador, concorrencial, da luta de todos contra todos) fica uma suposi\u00e7\u00e3o: nem a morte nos une!<\/p>\n","protected":false},"excerpt":{"rendered":"<p>V\u00edtor de Sousa, Pedro Rodrigues Costa, Edson Capoano, Carlos Pimenta Esta proposta de mesa tem a pretens\u00e3o de deslocar a centralidade do debate sobre a Covid-19 para a condi\u00e7\u00e3o humana&#8230;<\/p>\n","protected":false},"author":137,"featured_media":16848,"comment_status":"open","ping_status":"open","sticky":false,"template":"","format":"standard","meta":{"_bbp_topic_count":0,"_bbp_reply_count":0,"_bbp_total_topic_count":0,"_bbp_total_reply_count":0,"_bbp_voice_count":0,"_bbp_anonymous_reply_count":0,"_bbp_topic_count_hidden":0,"_bbp_reply_count_hidden":0,"_bbp_forum_subforum_count":0,"_jetpack_memberships_contains_paid_content":false,"footnotes":""},"categories":[160,174,1],"tags":[],"class_list":["post-16862","post","type-post","status-publish","format-standard","has-post-thumbnail","hentry","category-gt-4","category-live-19","category-resumos"],"jetpack_featured_media_url":"https:\/\/i0.wp.com\/culturas.cc\/congresso2020\/wp-content\/uploads\/sites\/9\/2020\/11\/gt4.png?fit=600%2C600&ssl=1","jetpack_sharing_enabled":true,"_links":{"self":[{"href":"https:\/\/culturas.cc\/congresso2020\/wp-json\/wp\/v2\/posts\/16862","targetHints":{"allow":["GET"]}}],"collection":[{"href":"https:\/\/culturas.cc\/congresso2020\/wp-json\/wp\/v2\/posts"}],"about":[{"href":"https:\/\/culturas.cc\/congresso2020\/wp-json\/wp\/v2\/types\/post"}],"author":[{"embeddable":true,"href":"https:\/\/culturas.cc\/congresso2020\/wp-json\/wp\/v2\/users\/137"}],"replies":[{"embeddable":true,"href":"https:\/\/culturas.cc\/congresso2020\/wp-json\/wp\/v2\/comments?post=16862"}],"version-history":[{"count":1,"href":"https:\/\/culturas.cc\/congresso2020\/wp-json\/wp\/v2\/posts\/16862\/revisions"}],"predecessor-version":[{"id":16863,"href":"https:\/\/culturas.cc\/congresso2020\/wp-json\/wp\/v2\/posts\/16862\/revisions\/16863"}],"wp:featuredmedia":[{"embeddable":true,"href":"https:\/\/culturas.cc\/congresso2020\/wp-json\/wp\/v2\/media\/16848"}],"wp:attachment":[{"href":"https:\/\/culturas.cc\/congresso2020\/wp-json\/wp\/v2\/media?parent=16862"}],"wp:term":[{"taxonomy":"category","embeddable":true,"href":"https:\/\/culturas.cc\/congresso2020\/wp-json\/wp\/v2\/categories?post=16862"},{"taxonomy":"post_tag","embeddable":true,"href":"https:\/\/culturas.cc\/congresso2020\/wp-json\/wp\/v2\/tags?post=16862"}],"curies":[{"name":"wp","href":"https:\/\/api.w.org\/{rel}","templated":true}]}}