{"id":16858,"date":"2020-11-12T01:02:14","date_gmt":"2020-11-12T04:02:14","guid":{"rendered":"https:\/\/culturas.cc\/congresso2020\/?p=16858"},"modified":"2020-11-12T01:02:17","modified_gmt":"2020-11-12T04:02:17","slug":"saude-impossivel","status":"publish","type":"post","link":"https:\/\/culturas.cc\/congresso2020\/16858\/","title":{"rendered":"Sa\u00fade imposs\u00edvel"},"content":{"rendered":"\n<h3 class=\"wp-block-heading\">Anna Am\u00e9lia de Faria, Juliana Maia Borges Sampaio, Nat\u00e1lia Barreto de Mesquita, Maria Clara Reis Andrade, Luiz Paulo Carvalho Pires de Oliveira<\/h3>\n\n\n\n<p>Nada pode ser dito dos comportamentos individuais, sem antes considerarmos as for\u00e7as coercitivas, violentas e produtoras de corpos, que regem as sociedades em um dado momento. As no\u00e7\u00f5es que implicam geografias, indiv\u00edduos, coletividades, rebeldias, rupturas e tamb\u00e9m conflitos subjetivos, adoecimentos ps\u00edquicos, embatem-se nesse oceano e fronteiras de domin\u00e2ncias e ultrapassagens. O si das singularidades expande c\u00f3digos e inventividades est\u00e9ticas, conclama narrativas que empurram e perfuram l\u00f3gicas e mentalidades prontas para o uso. Queremos, nessa discuss\u00e3o, pensar sa\u00fade e corpos como elementos irredut\u00edveis, pol\u00edticos e biopol\u00edticos. As quest\u00f5es que nos assolam e que vivemos, nesse Brasil do 2020, evidenciam e adensam in\u00fameras crises. Disso tudo, emerge o modus operandi e o que perpassava de mort\u00edfero e , para alguns, mais velado e n\u00e3o menos inexor\u00e1vel, agora nos rasgando em dimens\u00f5es e medidas. A crise pol\u00edtica e sanit\u00e1ria ventila e destila, exigindo o reconhecimento das rotas seculares e de seus c\u00f3digos de diminui\u00e7\u00e3o necropol\u00edtica, bem como visibiliza as for\u00e7as e operadores dissidentes dessa macabra conjun\u00e7\u00e3o. Ei-nos nessa encruzilhada. Encaminharemos, nessa mesa, algumas das nossas discuss\u00f5es e resultados parciais de pesquisa, em que reflex\u00f5es e produ\u00e7\u00f5es te\u00f3ricas e pr\u00e1ticas s\u00e3o gestadas em nossa linha de pesquisa: psican\u00e1lise, cultura e corpo; entremeadas a pensamentos filos\u00f3ficos, pol\u00edticos, hist\u00f3ricos e est\u00e9ticos s\u00e3o ferramentas de cria\u00e7\u00e3o e constru\u00e7\u00e3o de si\/n\u00f3s\/outres.<\/p>\n","protected":false},"excerpt":{"rendered":"<p>Anna Am\u00e9lia de Faria, Juliana Maia Borges Sampaio, Nat\u00e1lia Barreto de Mesquita, Maria Clara Reis Andrade, Luiz Paulo Carvalho Pires de Oliveira Nada pode ser dito dos comportamentos individuais, sem&#8230;<\/p>\n","protected":false},"author":1,"featured_media":16848,"comment_status":"open","ping_status":"open","sticky":false,"template":"","format":"standard","meta":{"_bbp_topic_count":0,"_bbp_reply_count":0,"_bbp_total_topic_count":0,"_bbp_total_reply_count":0,"_bbp_voice_count":0,"_bbp_anonymous_reply_count":0,"_bbp_topic_count_hidden":0,"_bbp_reply_count_hidden":0,"_bbp_forum_subforum_count":0,"_jetpack_memberships_contains_paid_content":false,"footnotes":""},"categories":[160,176,1],"tags":[],"class_list":["post-16858","post","type-post","status-publish","format-standard","has-post-thumbnail","hentry","category-gt-4","category-live-8","category-resumos"],"jetpack_featured_media_url":"https:\/\/i0.wp.com\/culturas.cc\/congresso2020\/wp-content\/uploads\/sites\/9\/2020\/11\/gt4.png?fit=600%2C600&ssl=1","jetpack_sharing_enabled":true,"_links":{"self":[{"href":"https:\/\/culturas.cc\/congresso2020\/wp-json\/wp\/v2\/posts\/16858","targetHints":{"allow":["GET"]}}],"collection":[{"href":"https:\/\/culturas.cc\/congresso2020\/wp-json\/wp\/v2\/posts"}],"about":[{"href":"https:\/\/culturas.cc\/congresso2020\/wp-json\/wp\/v2\/types\/post"}],"author":[{"embeddable":true,"href":"https:\/\/culturas.cc\/congresso2020\/wp-json\/wp\/v2\/users\/1"}],"replies":[{"embeddable":true,"href":"https:\/\/culturas.cc\/congresso2020\/wp-json\/wp\/v2\/comments?post=16858"}],"version-history":[{"count":1,"href":"https:\/\/culturas.cc\/congresso2020\/wp-json\/wp\/v2\/posts\/16858\/revisions"}],"predecessor-version":[{"id":16859,"href":"https:\/\/culturas.cc\/congresso2020\/wp-json\/wp\/v2\/posts\/16858\/revisions\/16859"}],"wp:featuredmedia":[{"embeddable":true,"href":"https:\/\/culturas.cc\/congresso2020\/wp-json\/wp\/v2\/media\/16848"}],"wp:attachment":[{"href":"https:\/\/culturas.cc\/congresso2020\/wp-json\/wp\/v2\/media?parent=16858"}],"wp:term":[{"taxonomy":"category","embeddable":true,"href":"https:\/\/culturas.cc\/congresso2020\/wp-json\/wp\/v2\/categories?post=16858"},{"taxonomy":"post_tag","embeddable":true,"href":"https:\/\/culturas.cc\/congresso2020\/wp-json\/wp\/v2\/tags?post=16858"}],"curies":[{"name":"wp","href":"https:\/\/api.w.org\/{rel}","templated":true}]}}