{"id":16856,"date":"2020-11-12T01:00:47","date_gmt":"2020-11-12T04:00:47","guid":{"rendered":"https:\/\/culturas.cc\/congresso2020\/?p=16856"},"modified":"2020-11-12T01:00:50","modified_gmt":"2020-11-12T04:00:50","slug":"cultura-e-pandemia-no-brasil-politicas-publicas-de-saude-para-os-idosos-e-negacionismo","status":"publish","type":"post","link":"https:\/\/culturas.cc\/congresso2020\/16856\/","title":{"rendered":"Cultura e pandemia no Brasil: pol\u00edticas p\u00fablicas de sa\u00fade para os idosos e negacionismo"},"content":{"rendered":"\n<h3 class=\"wp-block-heading\">C\u00e1ssio Luiz Arag\u00e3o Matos, Catiane Rocha Passos de Souza, Priscila Ch\u00e9quer<\/h3>\n\n\n\n<p>A Pandemia do Coronav\u00edrus despertou a aten\u00e7\u00e3o sobre quest\u00f5es determinantes ao agravamento dos casos e evolu\u00e7\u00e3o da Covid-19. O ineditismo da situa\u00e7\u00e3o pand\u00eamica se deve ao desconhecimento da doen\u00e7a que avan\u00e7a ainda sem vacina ou procedimentos m\u00e9dicos e uso de medica\u00e7\u00e3o que sejam par\u00e2metros.&nbsp; Fatores socioecon\u00f4mico e cultural, principalmente em grupos de riscos, intensificam as vulnerabilidades frente \u00e0 doen\u00e7a. O primeiro caso de morte por Covid-19 foi identificado, no Brasil, em 17 de mar\u00e7o de 2020, tendo como v\u00edtima um homem de 62 anos; e o primeiro caso positivo, anunciado em 26 de fevereiro deste ano, outro de 61 anos, que esteve na It\u00e1lia.&nbsp;<\/p>\n\n\n\n<p>A Pandemia pela Covid-19 promove a discuss\u00e3o em termos da efetividade de Pol\u00edticas P\u00fablicas para o idoso, visto sua vulnerabilidade como grupo de risco, diante das comorbidades. Num salto qualitativo, espera-se tamb\u00e9m que confira cidadania, afastando o oportunismo do abandono, frente \u00e0 necessidade de isolamento social.<\/p>\n\n\n\n<p>Na cultura contempor\u00e2nea, o envelhecimento est\u00e1 associado a aposentadoria e esta, a uma perda produtiva. Se no capital, o respeito est\u00e1 diretamente condicionado \u00e0 produ\u00e7\u00e3o de mercadoria, estar fora do processo produtivo, subentende uma perda de valor e de respeito nessa cultura de consumo. Na falta de acesso ao mercado de trabalho e ao emprego formal pela popula\u00e7\u00e3o jovem, economicamente ativa, muitas vezes, a aposentadoria termina sendo a \u00fanica forma de sustento para toda a fam\u00edlia. Al\u00e9m do impacto imediato na sa\u00fade, a pandemia est\u00e1 colocando as pessoas idosas em maior risco de pobreza, discrimina\u00e7\u00e3o, vulnerabilidade, outras doen\u00e7as f\u00edsicas e ps\u00edquicas. Al\u00e9m de um quadro maior de desigualdade econ\u00f4mica, sobretudo, no Brasil. A taxa de mortalidade para idosos \u00e9 mais alta no geral.&nbsp;<\/p>\n\n\n\n<p>Um importante aliado no enfrentamento da crise sanit\u00e1ria \u00e9 a tecnologia da informa\u00e7\u00e3o e comunica\u00e7\u00e3o, que, al\u00e9m de informar, reduz a dist\u00e2ncia social a partir da conex\u00e3o em redes sociais. Na contram\u00e3o da informa\u00e7\u00e3o que promove a preven\u00e7\u00e3o, observamos nessas redes, no contexto da crise sanit\u00e1ria, crescentes manifesta\u00e7\u00f5es da apelidada \u201ccorrente negacionista\u201d, promovendo, sobretudo, a circula\u00e7\u00e3o de not\u00edcias de \u201ccuras\u201d milagrosas, sem comprova\u00e7\u00e3o m\u00e9dica ou cient\u00edfica, al\u00e9m de negar mecanismos de prote\u00e7\u00e3o, por exemplo, o isolamento social.&nbsp;<\/p>\n\n\n\n<p>A aceita\u00e7\u00e3o e pot\u00eancia desse negacionismo se ancoram em aspectos hist\u00f3ricos que, no Brasil, se fortalecem na atual conjuntura: antipol\u00edtica, anti-intelectualismo e moralismo. O princ\u00edpio que rege a corrente negacionista \u00e9 o irracionalismo fundamentado na valoriza\u00e7\u00e3o das emo\u00e7\u00f5es, na devo\u00e7\u00e3o \u00e0s paix\u00f5es, na recupera\u00e7\u00e3o de um passado idealizado.&nbsp; Por isso, argumentos l\u00f3gicos e cient\u00edficos n\u00e3o funcionam, em boa medida, contra posicionamentos dos negacionistas.&nbsp;<\/p>\n\n\n\n<p>O negacionismo cient\u00edfico durante a pandemia da Covid-19 foi bastante difundido pelo Presidente Jair Bolsonaro. Bolsonaro e seguidores que descumpriram publicamente as medidas protetivas, defenderam medicamentos sem comprova\u00e7\u00e3o cient\u00edfica, promoveram supersti\u00e7\u00f5es e jejuns como mecanismos de combate ao v\u00edrus. Essas manifesta\u00e7\u00f5es negacionistas contribuiram, sobremaneira, na circula\u00e7\u00e3o de fake news. A prolifera\u00e7\u00e3o dessas manifesta\u00e7\u00f5es afetam principalmente os grupos sociais mais vulner\u00e1veis, dentre eles, com destaque os idosos.<\/p>\n","protected":false},"excerpt":{"rendered":"<p>C\u00e1ssio Luiz Arag\u00e3o Matos, Catiane Rocha Passos de Souza, Priscila Ch\u00e9quer A Pandemia do Coronav\u00edrus despertou a aten\u00e7\u00e3o sobre quest\u00f5es determinantes ao agravamento dos casos e evolu\u00e7\u00e3o da Covid-19. O&#8230;<\/p>\n","protected":false},"author":137,"featured_media":16848,"comment_status":"open","ping_status":"open","sticky":false,"template":"","format":"standard","meta":{"_bbp_topic_count":0,"_bbp_reply_count":0,"_bbp_total_topic_count":0,"_bbp_total_reply_count":0,"_bbp_voice_count":0,"_bbp_anonymous_reply_count":0,"_bbp_topic_count_hidden":0,"_bbp_reply_count_hidden":0,"_bbp_forum_subforum_count":0,"_jetpack_memberships_contains_paid_content":false,"footnotes":""},"categories":[160,176,1],"tags":[],"class_list":["post-16856","post","type-post","status-publish","format-standard","has-post-thumbnail","hentry","category-gt-4","category-live-8","category-resumos"],"jetpack_featured_media_url":"https:\/\/i0.wp.com\/culturas.cc\/congresso2020\/wp-content\/uploads\/sites\/9\/2020\/11\/gt4.png?fit=600%2C600&ssl=1","jetpack_sharing_enabled":true,"_links":{"self":[{"href":"https:\/\/culturas.cc\/congresso2020\/wp-json\/wp\/v2\/posts\/16856","targetHints":{"allow":["GET"]}}],"collection":[{"href":"https:\/\/culturas.cc\/congresso2020\/wp-json\/wp\/v2\/posts"}],"about":[{"href":"https:\/\/culturas.cc\/congresso2020\/wp-json\/wp\/v2\/types\/post"}],"author":[{"embeddable":true,"href":"https:\/\/culturas.cc\/congresso2020\/wp-json\/wp\/v2\/users\/137"}],"replies":[{"embeddable":true,"href":"https:\/\/culturas.cc\/congresso2020\/wp-json\/wp\/v2\/comments?post=16856"}],"version-history":[{"count":1,"href":"https:\/\/culturas.cc\/congresso2020\/wp-json\/wp\/v2\/posts\/16856\/revisions"}],"predecessor-version":[{"id":16857,"href":"https:\/\/culturas.cc\/congresso2020\/wp-json\/wp\/v2\/posts\/16856\/revisions\/16857"}],"wp:featuredmedia":[{"embeddable":true,"href":"https:\/\/culturas.cc\/congresso2020\/wp-json\/wp\/v2\/media\/16848"}],"wp:attachment":[{"href":"https:\/\/culturas.cc\/congresso2020\/wp-json\/wp\/v2\/media?parent=16856"}],"wp:term":[{"taxonomy":"category","embeddable":true,"href":"https:\/\/culturas.cc\/congresso2020\/wp-json\/wp\/v2\/categories?post=16856"},{"taxonomy":"post_tag","embeddable":true,"href":"https:\/\/culturas.cc\/congresso2020\/wp-json\/wp\/v2\/tags?post=16856"}],"curies":[{"name":"wp","href":"https:\/\/api.w.org\/{rel}","templated":true}]}}