{"id":16854,"date":"2020-11-12T00:51:56","date_gmt":"2020-11-12T03:51:56","guid":{"rendered":"https:\/\/culturas.cc\/congresso2020\/?p=16854"},"modified":"2020-11-12T00:52:00","modified_gmt":"2020-11-12T03:52:00","slug":"retratos-de-genero-na-comunicacao-publica-de-saude-no-contexto-covid-em-portugal","status":"publish","type":"post","link":"https:\/\/culturas.cc\/congresso2020\/16854\/","title":{"rendered":"Retratos de g\u00e9nero na comunica\u00e7\u00e3o p\u00fablica de sa\u00fade no contexto covid em Portugal"},"content":{"rendered":"\n<h3 class=\"wp-block-heading\">Paula Lobo, Ivone Ferreira, Melissa Pio<\/h3>\n\n\n\n<p>A hist\u00f3ria do trabalho feminino nasce e se desenvolve na esfera privada. A casa, este espa\u00e7o \u00edntimo e precioso, mas tamb\u00e9m repleto de tarefas ef\u00eameras e c\u00edclicas, sistematicamente colocadas sob a responsabilidade do g\u00e9nero feminino, tem a mulher n\u00e3o apenas como a sua habitante, mas tamb\u00e9m como a principal, e usualmente \u00fanica, trabalhadora do lar. Ari\u00e8s &amp; Duby (1985) apontam que, desde o imp\u00e9rio romano, o trabalho das mulheres \u00e9 essencialmente o trabalho do cuidado: com o lar, com as roupas e com as outras pessoas que ali moram. A naturaliza\u00e7\u00e3o de conceitos tais como o instinto maternal, a necessidade de se ter filhos e a capacidade supostamente intr\u00ednseca de se cuidar dos outros, muitas vezes sustentados atrav\u00e9s de conceitos biol\u00f3gicos (Wolf, 1992) levou \u00e0 domin\u00e2ncia de um discurso no qual a mulher s\u00f3 ser\u00e1 verdadeiramente bem-sucedida se tudo e todos que est\u00e3o sob os seus cuidados forem bem-sucedidos. Na verdade, a ideia do cuidado como um tra\u00e7o indissoci\u00e1vel \u00e0 figura feminina \u00e9 t\u00e3o forte que conseguiu permanecer mesmo ap\u00f3s tr\u00eas vagas feministas Neste momento, em que o cuidado passa a ser uma quest\u00e3o de sa\u00fade p\u00fablica, diante do contexto da pandemia de Covid-19, provocada por um novo Coronav\u00edrus, \u00e9 pertinente analisar a forma como tem sido feita a representa\u00e7\u00e3o da mulher nas comunica\u00e7\u00f5es p\u00fablicas de sa\u00fade. Para esse efeito, reunimos um conjunto de an\u00fancios publicit\u00e1rios televisivos emitidos em sinal aberto durante o per\u00edodo prime time nos meses de mar\u00e7o a maio 2020, altura em que Portugal esteve em Estado de Emerg\u00eancia e Estado de Calamidade. Essa an\u00e1lise nos permitiu verificar uma consolida\u00e7\u00e3o da imagem p\u00fablica da mulher como cuidadora dos outros: a enfermeira que cuida do trabalho pesado e muitas vezes invis\u00edvel, a pessoa que ensina os pormenores b\u00e1sicos de higieniza\u00e7\u00e3o por oposi\u00e7\u00e3o aos m\u00e9dicos, cientistas e infectologistas do sexo masculino que surgem na qualidade de especialistas e decisores.<\/p>\n\n\n\n<p>Num contexto pand\u00e9mico, a comunica\u00e7\u00e3o p\u00fablica na \u00e1rea da sa\u00fade torna-se, rapidamente, no meio primordial de informa\u00e7\u00e3o e orienta\u00e7\u00e3o de uma popula\u00e7\u00e3o preocupada e sedenta de conhecimento. Assim, \u00e9 de esperar que os p\u00fablicos-alvo destes conte\u00fados comunicacionais sejam muito vastos. O potencial de difus\u00e3o e impacto destas mensagens na popula\u00e7\u00e3o e a sua dimens\u00e3o organizadora da realidade &#8211; na medida em que vem indicar aos seus p\u00fablicos modos de se proteger, de se comportar e de reagir perante a amea\u00e7a iminente &#8211; \u00e9, sem d\u00favida, consider\u00e1vel. Por este motivo, \u00e9 t\u00e3o importante a an\u00e1lise dos pap\u00e9is sociais que s\u00e3o atribu\u00eddos, numa dimens\u00e3o do g\u00e9nero, no contexto desta comunica\u00e7\u00e3o p\u00fablica de grande alcance.&nbsp;&nbsp;<\/p>\n","protected":false},"excerpt":{"rendered":"<p>Paula Lobo, Ivone Ferreira, Melissa Pio A hist\u00f3ria do trabalho feminino nasce e se desenvolve na esfera privada. A casa, este espa\u00e7o \u00edntimo e precioso, mas tamb\u00e9m repleto de tarefas&#8230;<\/p>\n","protected":false},"author":137,"featured_media":16848,"comment_status":"open","ping_status":"open","sticky":false,"template":"","format":"standard","meta":{"_bbp_topic_count":0,"_bbp_reply_count":0,"_bbp_total_topic_count":0,"_bbp_total_reply_count":0,"_bbp_voice_count":0,"_bbp_anonymous_reply_count":0,"_bbp_topic_count_hidden":0,"_bbp_reply_count_hidden":0,"_bbp_forum_subforum_count":0,"_jetpack_memberships_contains_paid_content":false,"footnotes":""},"categories":[160,176,1],"tags":[],"class_list":["post-16854","post","type-post","status-publish","format-standard","has-post-thumbnail","hentry","category-gt-4","category-live-8","category-resumos"],"jetpack_featured_media_url":"https:\/\/i0.wp.com\/culturas.cc\/congresso2020\/wp-content\/uploads\/sites\/9\/2020\/11\/gt4.png?fit=600%2C600&ssl=1","jetpack_sharing_enabled":true,"_links":{"self":[{"href":"https:\/\/culturas.cc\/congresso2020\/wp-json\/wp\/v2\/posts\/16854","targetHints":{"allow":["GET"]}}],"collection":[{"href":"https:\/\/culturas.cc\/congresso2020\/wp-json\/wp\/v2\/posts"}],"about":[{"href":"https:\/\/culturas.cc\/congresso2020\/wp-json\/wp\/v2\/types\/post"}],"author":[{"embeddable":true,"href":"https:\/\/culturas.cc\/congresso2020\/wp-json\/wp\/v2\/users\/137"}],"replies":[{"embeddable":true,"href":"https:\/\/culturas.cc\/congresso2020\/wp-json\/wp\/v2\/comments?post=16854"}],"version-history":[{"count":1,"href":"https:\/\/culturas.cc\/congresso2020\/wp-json\/wp\/v2\/posts\/16854\/revisions"}],"predecessor-version":[{"id":16855,"href":"https:\/\/culturas.cc\/congresso2020\/wp-json\/wp\/v2\/posts\/16854\/revisions\/16855"}],"wp:featuredmedia":[{"embeddable":true,"href":"https:\/\/culturas.cc\/congresso2020\/wp-json\/wp\/v2\/media\/16848"}],"wp:attachment":[{"href":"https:\/\/culturas.cc\/congresso2020\/wp-json\/wp\/v2\/media?parent=16854"}],"wp:term":[{"taxonomy":"category","embeddable":true,"href":"https:\/\/culturas.cc\/congresso2020\/wp-json\/wp\/v2\/categories?post=16854"},{"taxonomy":"post_tag","embeddable":true,"href":"https:\/\/culturas.cc\/congresso2020\/wp-json\/wp\/v2\/tags?post=16854"}],"curies":[{"name":"wp","href":"https:\/\/api.w.org\/{rel}","templated":true}]}}