{"id":16852,"date":"2020-11-12T00:42:35","date_gmt":"2020-11-12T03:42:35","guid":{"rendered":"https:\/\/culturas.cc\/congresso2020\/?p=16852"},"modified":"2020-11-12T00:42:38","modified_gmt":"2020-11-12T03:42:38","slug":"cultura-na-pandemia-estrategias-emergentes-para-producao-e-fruicao-cultural-no-cenario-da-covid-19","status":"publish","type":"post","link":"https:\/\/culturas.cc\/congresso2020\/16852\/","title":{"rendered":"Cultura na pandemia: estrat\u00e9gias emergentes para produ\u00e7\u00e3o e frui\u00e7\u00e3o cultural no cen\u00e1rio da covid 19"},"content":{"rendered":"\n<h4 class=\"wp-block-heading\">Rita de C\u00e1ssia da Silva Maia, Monique Magaldi, Carmem Silva, Andr\u00e9 Bomfim dos Santos<\/h4>\n\n\n\n<p>Este estudo prop\u00f5e um mapeamento de a\u00e7\u00f5es promissoras de institui\u00e7\u00f5es culturais e\/ou museais com vistas \u00e0 continuidade de atividades de a\u00e7\u00e3o cultural e comunica\u00e7\u00e3o no cen\u00e1rio pand\u00eamico. Este estudo pretende identificar, descrever e avaliar, de modo explorat\u00f3rio, algumas solu\u00e7\u00f5es e alternativas para a manuten\u00e7\u00e3o e capta\u00e7\u00e3o de audi\u00eancia para manifesta\u00e7\u00f5es art\u00edsticas e culturais do cen\u00e1rio da crise pand\u00eamica de 2020. Os casos ser\u00e3o analisados a partir dos modos de produ\u00e7\u00e3o, consumo e sustentabilidade\/viabilidade financeira. Propomos uma avalia\u00e7\u00e3o pautada da boa aplicabilidade das plataformas, linguagens e recursos, identificando a possibilidade para a constitui\u00e7\u00e3o de modelos e solu\u00e7\u00f5es\u00a0 e assim promover uma discuss\u00e3o sobre as poss\u00edveis formas de resist\u00eancia e efici\u00eancia comunicativa do setor diante da desestabiliza\u00e7\u00e3o e impossibilidade de manuten\u00e7\u00e3o das rotinas de pr\u00e1ticas presencias consolidadas. Com isso, apontamos possibilidades para o desenvolvimento de novas <em>expertises<\/em> na \u00e1rea, bem como a\u00a0 necessidade\u00a0 de novos tipos de curadoria, a\u00e7\u00f5es interdisciplinares e formas de avalia\u00e7\u00e3o. O universo estudado compreende a\u00e7\u00f5es que englobam institui\u00e7\u00f5es culturais em n\u00edvel nacional e internacional, destacando tanto o uso de recursos das tecnologias digitais da informa\u00e7\u00e3o e comunica\u00e7\u00e3o digitais \u2013 TDCI, quanto outras alternativas de car\u00e1ter presencial inovadoras.<\/p>\n","protected":false},"excerpt":{"rendered":"<p>Rita de C\u00e1ssia da Silva Maia, Monique Magaldi, Carmem Silva, Andr\u00e9 Bomfim dos Santos Este estudo prop\u00f5e um mapeamento de a\u00e7\u00f5es promissoras de institui\u00e7\u00f5es culturais e\/ou museais com vistas \u00e0&#8230;<\/p>\n","protected":false},"author":137,"featured_media":16848,"comment_status":"open","ping_status":"open","sticky":false,"template":"","format":"standard","meta":{"_bbp_topic_count":0,"_bbp_reply_count":0,"_bbp_total_topic_count":0,"_bbp_total_reply_count":0,"_bbp_voice_count":0,"_bbp_anonymous_reply_count":0,"_bbp_topic_count_hidden":0,"_bbp_reply_count_hidden":0,"_bbp_forum_subforum_count":0,"_jetpack_memberships_contains_paid_content":false,"footnotes":""},"categories":[175,1],"tags":[],"class_list":["post-16852","post","type-post","status-publish","format-standard","has-post-thumbnail","hentry","category-live-7","category-resumos"],"jetpack_featured_media_url":"https:\/\/i0.wp.com\/culturas.cc\/congresso2020\/wp-content\/uploads\/sites\/9\/2020\/11\/gt4.png?fit=600%2C600&ssl=1","jetpack_sharing_enabled":true,"_links":{"self":[{"href":"https:\/\/culturas.cc\/congresso2020\/wp-json\/wp\/v2\/posts\/16852","targetHints":{"allow":["GET"]}}],"collection":[{"href":"https:\/\/culturas.cc\/congresso2020\/wp-json\/wp\/v2\/posts"}],"about":[{"href":"https:\/\/culturas.cc\/congresso2020\/wp-json\/wp\/v2\/types\/post"}],"author":[{"embeddable":true,"href":"https:\/\/culturas.cc\/congresso2020\/wp-json\/wp\/v2\/users\/137"}],"replies":[{"embeddable":true,"href":"https:\/\/culturas.cc\/congresso2020\/wp-json\/wp\/v2\/comments?post=16852"}],"version-history":[{"count":1,"href":"https:\/\/culturas.cc\/congresso2020\/wp-json\/wp\/v2\/posts\/16852\/revisions"}],"predecessor-version":[{"id":16853,"href":"https:\/\/culturas.cc\/congresso2020\/wp-json\/wp\/v2\/posts\/16852\/revisions\/16853"}],"wp:featuredmedia":[{"embeddable":true,"href":"https:\/\/culturas.cc\/congresso2020\/wp-json\/wp\/v2\/media\/16848"}],"wp:attachment":[{"href":"https:\/\/culturas.cc\/congresso2020\/wp-json\/wp\/v2\/media?parent=16852"}],"wp:term":[{"taxonomy":"category","embeddable":true,"href":"https:\/\/culturas.cc\/congresso2020\/wp-json\/wp\/v2\/categories?post=16852"},{"taxonomy":"post_tag","embeddable":true,"href":"https:\/\/culturas.cc\/congresso2020\/wp-json\/wp\/v2\/tags?post=16852"}],"curies":[{"name":"wp","href":"https:\/\/api.w.org\/{rel}","templated":true}]}}