{"id":16850,"date":"2020-11-12T00:41:05","date_gmt":"2020-11-12T03:41:05","guid":{"rendered":"https:\/\/culturas.cc\/congresso2020\/?p=16850"},"modified":"2020-11-12T00:41:08","modified_gmt":"2020-11-12T03:41:08","slug":"resultados-finais-da-pesquisa-impactos-da-covid-19-na-economia-criativa","status":"publish","type":"post","link":"https:\/\/culturas.cc\/congresso2020\/16850\/","title":{"rendered":"Resultados finais da pesquisa \u201cimpactos da covid-19 na economia criativa\u201d"},"content":{"rendered":"\n<h4 class=\"wp-block-heading\">Ra\u00edssa Santos Caldas Almeida, Carlos Magno Guerra, Luiz Gustavo Campos<\/h4>\n\n\n\n<p>O Observat\u00f3rio da Economia Criativa da Bahia (OBEC-BA), entendeu, logo no in\u00edcio da pandemia, que era urgente criar mecanismos para registrar, monitorar e analisar suas consequ\u00eancias nos setores culturais e criativos. A pesquisa \u201cImpactos da COVID-19 na Economia Criativa&#8221; foi desenvolvida em mar\u00e7o de 2020 para coletar dados, promover an\u00e1lises e gerar subs\u00eddios para os debates e para as pol\u00edticas p\u00fablicas de enfrentamento aos efeitos da crise sanit\u00e1ria que tem atingido indiv\u00edduos e organiza\u00e7\u00f5es. Primeira pesquisa nacional com este formato e prop\u00f3sito, foi desenvolvida para identificar o perfil, os impactos, as estrat\u00e9gias e as percep\u00e7\u00f5es dos diversos profissionais e organiza\u00e7\u00f5es que comp\u00f5em os setores da economia criativa no Brasil. A coleta de dados ocorreu entre os dias 27 de mar\u00e7o e 23 de julho, e obteve 1.910 respostas v\u00e1lidas que foram analisadas.<br>A equipe da pesquisa optou por ampliar a perspectiva da avalia\u00e7\u00e3o de impacto para al\u00e9m da dimens\u00e3o econ\u00f4mica, agrupando os temas investigados em tr\u00eas: I) Impactos estimados da COVID-19 &#8211; Identifica\u00e7\u00e3o do perfil dos impactados, a propor\u00e7\u00e3o das atividades afetadas, a escala de grandeza das perdas financeiras, receitas mais afetadas e repercuss\u00f5es no mercado de trabalho da economia criativa; II) Estrat\u00e9gias e necessidades &#8211; Levantamento da percep\u00e7\u00e3o do setor criativo em rela\u00e7\u00e3o \u00e0s estrat\u00e9gias de enfrentamento que est\u00e3o sendo acionadas e as principais necessidades, incluindo as n\u00e3o atendidas; III) Rela\u00e7\u00f5es pr\u00e9vias com mecanismos de financiamento \u00e0 cultura &#8211; Identifica\u00e7\u00e3o da rela\u00e7\u00e3o dos agentes culturais, nos \u00faltimos cinco anos, com os tr\u00eas n\u00edveis de governo no Brasil, com institui\u00e7\u00f5es privadas de cr\u00e9dito e com organiza\u00e7\u00f5es estrangeiras, atrav\u00e9s dos mecanismos de fomento mais tradicionais (apoio direto, incentivo fiscal e cr\u00e9dito).<br>Parte dos resultados foram previamente divulgados nos \u201cBoletins Resultados Preliminares\u201d. Entre os resultados finais, destacam-se:<br>At\u00e9 o m\u00eas de mar\u00e7o, 80,7% dos respondentes n\u00e3o possu\u00edam v\u00ednculo empregat\u00edcio formal, recebia at\u00e9 3 Sal\u00e1rios M\u00ednimos (SM) e apresentava uma carga hor\u00e1ria de trabalho alta (31,5% trabalham mais de 45h semanais). Em m\u00e9dia, 83,7% das organiza\u00e7\u00f5es e indiv\u00edduos alegam terem sido muito impactados pela suspens\u00e3o de atividades e indicam maior dificuldade de capta\u00e7\u00e3o de recursos junto a entidades privadas e p\u00fablicas. Apesar dos cancelamentos de atividades, o setor criativo n\u00e3o ficou paralisado: tanto indiv\u00edduos (45,1%) quanto organiza\u00e7\u00f5es (42%) estavam desenvolvendo novos projetos e produtos durante o per\u00edodo de distanciamento social. Entre as principais medidas citadas pelos respondentes para recuperar o setor, o aux\u00edlio emergencial \u00e9 a mais recorrente entre os indiv\u00edduos. Organiza\u00e7\u00f5es solicitam desonera\u00e7\u00e3o tribut\u00e1ria, o perd\u00e3o de d\u00edvidas e apoio na manuten\u00e7\u00e3o, incluindo suspens\u00e3o de contas de custeio e apoio para pagamento de funcion\u00e1rios.<\/p>\n","protected":false},"excerpt":{"rendered":"<p>Ra\u00edssa Santos Caldas Almeida, Carlos Magno Guerra, Luiz Gustavo Campos O Observat\u00f3rio da Economia Criativa da Bahia (OBEC-BA), entendeu, logo no in\u00edcio da pandemia, que era urgente criar mecanismos para&#8230;<\/p>\n","protected":false},"author":137,"featured_media":16848,"comment_status":"open","ping_status":"open","sticky":false,"template":"","format":"standard","meta":{"_bbp_topic_count":0,"_bbp_reply_count":0,"_bbp_total_topic_count":0,"_bbp_total_reply_count":0,"_bbp_voice_count":0,"_bbp_anonymous_reply_count":0,"_bbp_topic_count_hidden":0,"_bbp_reply_count_hidden":0,"_bbp_forum_subforum_count":0,"_jetpack_memberships_contains_paid_content":false,"footnotes":""},"categories":[175,1],"tags":[],"class_list":["post-16850","post","type-post","status-publish","format-standard","has-post-thumbnail","hentry","category-live-7","category-resumos"],"jetpack_featured_media_url":"https:\/\/i0.wp.com\/culturas.cc\/congresso2020\/wp-content\/uploads\/sites\/9\/2020\/11\/gt4.png?fit=600%2C600&ssl=1","jetpack_sharing_enabled":true,"_links":{"self":[{"href":"https:\/\/culturas.cc\/congresso2020\/wp-json\/wp\/v2\/posts\/16850","targetHints":{"allow":["GET"]}}],"collection":[{"href":"https:\/\/culturas.cc\/congresso2020\/wp-json\/wp\/v2\/posts"}],"about":[{"href":"https:\/\/culturas.cc\/congresso2020\/wp-json\/wp\/v2\/types\/post"}],"author":[{"embeddable":true,"href":"https:\/\/culturas.cc\/congresso2020\/wp-json\/wp\/v2\/users\/137"}],"replies":[{"embeddable":true,"href":"https:\/\/culturas.cc\/congresso2020\/wp-json\/wp\/v2\/comments?post=16850"}],"version-history":[{"count":1,"href":"https:\/\/culturas.cc\/congresso2020\/wp-json\/wp\/v2\/posts\/16850\/revisions"}],"predecessor-version":[{"id":16851,"href":"https:\/\/culturas.cc\/congresso2020\/wp-json\/wp\/v2\/posts\/16850\/revisions\/16851"}],"wp:featuredmedia":[{"embeddable":true,"href":"https:\/\/culturas.cc\/congresso2020\/wp-json\/wp\/v2\/media\/16848"}],"wp:attachment":[{"href":"https:\/\/culturas.cc\/congresso2020\/wp-json\/wp\/v2\/media?parent=16850"}],"wp:term":[{"taxonomy":"category","embeddable":true,"href":"https:\/\/culturas.cc\/congresso2020\/wp-json\/wp\/v2\/categories?post=16850"},{"taxonomy":"post_tag","embeddable":true,"href":"https:\/\/culturas.cc\/congresso2020\/wp-json\/wp\/v2\/tags?post=16850"}],"curies":[{"name":"wp","href":"https:\/\/api.w.org\/{rel}","templated":true}]}}