{"id":16846,"date":"2020-11-12T00:39:15","date_gmt":"2020-11-12T03:39:15","guid":{"rendered":"https:\/\/culturas.cc\/congresso2020\/?p=16846"},"modified":"2020-11-12T00:39:17","modified_gmt":"2020-11-12T03:39:17","slug":"consumo-cultural-na-pandemia-investigacao-preliminar-sobre-dados-de-consumo-cultural-no-brasil-em-2020","status":"publish","type":"post","link":"https:\/\/culturas.cc\/congresso2020\/16846\/","title":{"rendered":"Consumo cultural na pandemia \u2013 investiga\u00e7\u00e3o preliminar sobre dados de consumo cultural no brasil em 2020"},"content":{"rendered":"\n<h3 class=\"wp-block-heading\">Sergio Sobreira Araujo, Deolinda Catarina Fran\u00e7a de Vilhena, Ivie de Oliveira Santos Leone, Wallace Nunes Teixeira<\/h3>\n\n\n\n<p>O consumo cultural \u00e9 o encontro entre p\u00fablicos e bens, produtos e servi\u00e7os art\u00edsticos, atrav\u00e9s de uma s\u00e9rie de pr\u00e1ticas de aquisi\u00e7\u00e3o e frui\u00e7\u00e3o, que pode ser presenciais, mistas e\/ou mediadas \u00e0 dist\u00e2ncia, por meios eletr\u00f4nicos e digitais. A pandemia de COVID-19, causada pelo novo corona v\u00edrus, desde que foi deflagrada no in\u00edcio desse ano, vem transtornando e impactando todas as dimens\u00f5es da vida contempor\u00e2nea, atingindo de modo especial aqueles setores cujas din\u00e2micas dependem essencial e estruturalmente de atividades motivadas e organizadas pela reuni\u00e3o de pessoas, j\u00e1 que as medidas sanit\u00e1rias adotadas para controle e combate epidemiol\u00f3gico de dissemina\u00e7\u00e3o do v\u00edrus adotaram o isolamento social e o confinamento como parte fundamental dos meios de combate \u00e0 dissemina\u00e7\u00e3o da doen\u00e7a, atrav\u00e9s da recomenda\u00e7\u00e3o taxativa de se evitarem as aglomera\u00e7\u00f5es de pessoas. Com isso, espa\u00e7os como teatros, cinemas, bibliotecas, museus e centros culturais foram diretamente atingidos, levando a suspens\u00e3o ou mesmo encerramento de suas atividades. Adotaram-se medidas que impediram os eventos culturais presenciais, o que resultou em condicionar e limitar a frui\u00e7\u00e3o de bens, produtos e servi\u00e7os art\u00edsticos \u00e0 transmiss\u00e3o e media\u00e7\u00e3o eletr\u00f4nica ou a acervos existentes e\/ou adquiridos para consumo privado. A \u201cpresen\u00e7a\u201d foi substitu\u00edda por \u201c\u00e0 dist\u00e2ncia\u201d e o \u201cao vivo\u201d foi convertido em \u201c<em>Live\u201d<\/em>, numa radical reconfigura\u00e7\u00e3o das pr\u00e1ticas e h\u00e1bitos de consumo de cultura. Desde ent\u00e3o, os agentes das cadeias produtivas da cultura, especialmente os que ainda disp\u00f5e de capacidade de articula\u00e7\u00e3o, gest\u00e3o, investimento e criatividade, tentam reorganizar os modelos de neg\u00f3cios, assim como o campo institucional busca formular estrat\u00e9gias de fomentar o oferta e acesso para que o contato das pessoas com as artes e a cultura seja poss\u00edvel, numa reengenharia de processos e produtos que afetam tanto os criadores e produtores de cultura, como seus consumidores. Nesse momento, ap\u00f3s aprova\u00e7\u00e3o da Lei (federal) Aldir Blanc de apoio emergencial \u00e0 cultura, os organismos estaduais e municipais est\u00e3o com editais em andamento para prover artistas e entes art\u00edsticos de recursos de subsist\u00eancia. Ainda assim, faltam dados que indiquem como est\u00e3o as rela\u00e7\u00f5es de consumo sob tais configura\u00e7\u00f5es, de modo que faz-se necess\u00e1rio investigar como est\u00e3o se dando essas pr\u00e1ticas e foi com esse escopo que o Grupo de Estudos e Pesquisas em P\u00fablicos e Mercados Culturais &#8211; GEPMEC, coordenado pelo Prof. S\u00e9rgio Sobreira (FACOM\/UFBA), e o Grupo de Estudos e Pesquisas em Produ\u00e7\u00e3o Teatral \u2013 GEPPTRAL, coordenado pela Profa. Deolinda Vilhena (ET\/UFBA), formaram parceria e desenvolveram uma pesquisa sobre pr\u00e1ticas de consumo cultural durante a pandemia. Optou-se pela constru\u00e7\u00e3o e aplica\u00e7\u00e3o de um question\u00e1rio, disponibilizado on-line, envolvendo quatro segmentos de sondagem, a saber: 1 &#8211; a identifica\u00e7\u00e3o e composi\u00e7\u00e3o dos p\u00fablicos atrav\u00e9s de dados censit\u00e1rios (idade, g\u00eanero, renda, escolaridade, etnia, estado civil, orienta\u00e7\u00e3o sexual, religi\u00e3o e resid\u00eancia); 2 \u2013 as pr\u00e1ticas de consumo de cultura durante a pandemia; 3 \u2013 o perfil econ\u00f4mico dos gastos e investimentos em bens, produtos e servi\u00e7o art\u00edsticos durante a pandemia; 4 \u2013 as pr\u00e1ticas de consumo de cultura antes da pandemia, de forma a constituir uma base de dados que permitam an\u00e1lises comparadas e dimensionar poss\u00edveis impactos na habitualidade das pr\u00e1ticas de consumo cultural. O question\u00e1rio foi disponibilizado por trinta dias, atrav\u00e9s de ampla divulga\u00e7\u00e3o por meio de campanha digital (redes sociais, e-mail marketing etc.), estando aberto a coleta a partir do dia 15 de setembro de 2020. Nesse momento, se encontra em fase de tabula\u00e7\u00e3o de dados, atrav\u00e9s da gera\u00e7\u00e3o de dados consolidados em planilha Excel. Dentro do cronograma estabelecido, as pr\u00f3ximas semanas ser\u00e3o dedicadas as an\u00e1lises e delineamento de perfis de consumo, de forma a produzir uma panor\u00e2mica a ser lan\u00e7ado no final de novembro com indicadores e refer\u00eancias que permitam o delineamento (o que, como, onde e quando) das din\u00e2micas de consumo de arte e cultura em contextos de pandemia.<\/p>\n","protected":false},"excerpt":{"rendered":"<p>Sergio Sobreira Araujo, Deolinda Catarina Fran\u00e7a de Vilhena, Ivie de Oliveira Santos Leone, Wallace Nunes Teixeira O consumo cultural \u00e9 o encontro entre p\u00fablicos e bens, produtos e servi\u00e7os art\u00edsticos,&#8230;<\/p>\n","protected":false},"author":137,"featured_media":16848,"comment_status":"open","ping_status":"open","sticky":false,"template":"","format":"standard","meta":{"_bbp_topic_count":0,"_bbp_reply_count":0,"_bbp_total_topic_count":0,"_bbp_total_reply_count":0,"_bbp_voice_count":0,"_bbp_anonymous_reply_count":0,"_bbp_topic_count_hidden":0,"_bbp_reply_count_hidden":0,"_bbp_forum_subforum_count":0,"_jetpack_memberships_contains_paid_content":false,"footnotes":""},"categories":[175,1],"tags":[],"class_list":["post-16846","post","type-post","status-publish","format-standard","has-post-thumbnail","hentry","category-live-7","category-resumos"],"jetpack_featured_media_url":"https:\/\/i0.wp.com\/culturas.cc\/congresso2020\/wp-content\/uploads\/sites\/9\/2020\/11\/gt4.png?fit=600%2C600&ssl=1","jetpack_sharing_enabled":true,"_links":{"self":[{"href":"https:\/\/culturas.cc\/congresso2020\/wp-json\/wp\/v2\/posts\/16846","targetHints":{"allow":["GET"]}}],"collection":[{"href":"https:\/\/culturas.cc\/congresso2020\/wp-json\/wp\/v2\/posts"}],"about":[{"href":"https:\/\/culturas.cc\/congresso2020\/wp-json\/wp\/v2\/types\/post"}],"author":[{"embeddable":true,"href":"https:\/\/culturas.cc\/congresso2020\/wp-json\/wp\/v2\/users\/137"}],"replies":[{"embeddable":true,"href":"https:\/\/culturas.cc\/congresso2020\/wp-json\/wp\/v2\/comments?post=16846"}],"version-history":[{"count":1,"href":"https:\/\/culturas.cc\/congresso2020\/wp-json\/wp\/v2\/posts\/16846\/revisions"}],"predecessor-version":[{"id":16849,"href":"https:\/\/culturas.cc\/congresso2020\/wp-json\/wp\/v2\/posts\/16846\/revisions\/16849"}],"wp:featuredmedia":[{"embeddable":true,"href":"https:\/\/culturas.cc\/congresso2020\/wp-json\/wp\/v2\/media\/16848"}],"wp:attachment":[{"href":"https:\/\/culturas.cc\/congresso2020\/wp-json\/wp\/v2\/media?parent=16846"}],"wp:term":[{"taxonomy":"category","embeddable":true,"href":"https:\/\/culturas.cc\/congresso2020\/wp-json\/wp\/v2\/categories?post=16846"},{"taxonomy":"post_tag","embeddable":true,"href":"https:\/\/culturas.cc\/congresso2020\/wp-json\/wp\/v2\/tags?post=16846"}],"curies":[{"name":"wp","href":"https:\/\/api.w.org\/{rel}","templated":true}]}}