{"id":16844,"date":"2020-11-12T00:30:31","date_gmt":"2020-11-12T03:30:31","guid":{"rendered":"https:\/\/culturas.cc\/congresso2020\/?p=16844"},"modified":"2020-11-12T00:30:56","modified_gmt":"2020-11-12T03:30:56","slug":"as-plataformas-digitais-como-ferramentas-de-acesso-a-musica-classica-o-caso-osesp","status":"publish","type":"post","link":"https:\/\/culturas.cc\/congresso2020\/16844\/","title":{"rendered":"As plataformas digitais como ferramentas de acesso \u00e0 m\u00fasica cl\u00e1ssica: o caso OSESP"},"content":{"rendered":"\n<h3 class=\"wp-block-heading\">Isadora Minas Langaro Carneiro, Allan Tadeu Pugliese, Bianca Persici Toniolo<\/h3>\n\n\n\n<p>Nos \u00faltimos anos foi poss\u00edvel perceber um crescente interesse acad\u00eamico e cient\u00edfico pelo consumo on-line de m\u00fasica, incluindo a maneira como orquestras e salas de concertos utilizam plataformas digitais para divulgar a sua produ\u00e7\u00e3o. A Orquestra Sinf\u00f4nica do Estado de S\u00e3o Paulo (OSESP), fundada em 1954, foi apontada, em 2012, pelo jornal The Guardian e a BBC Radio 3, como uma das orquestras de ponta do circuito mundial. Presente nas redes sociais Facebook, Instagram, YouTube e Twitter, a OSESP, ainda, possui um website e um aplicativo para dispositivos m\u00f3veis.&nbsp;<\/p>\n\n\n\n<p>Mas ser\u00e1 que as plataformas digitais contribuem para tornar a m\u00fasica cl\u00e1ssica mais acess\u00edvel? A partir dessa indaga\u00e7\u00e3o, desenvolveu-se um estudo com abordagens quantitativa e qualitativa. Aplicou-se um question\u00e1rio on-line a moradores do estado de S\u00e3o Paulo, Brasil, com idades entre 20 e 49 anos a fim de entender o consumo de m\u00fasica cl\u00e1ssica nos ambientes f\u00edsico e virtual e, especialmente, a percep\u00e7\u00e3o deste p\u00fablico quanto \u00e0 utiliza\u00e7\u00e3o de plataformas digitais como ferramenta de acesso \u00e0 m\u00fasica cl\u00e1ssica. O universo foi <em>N<\/em>&nbsp;= 19.901.842 e a amostra do estudo foi&nbsp;<em>N<\/em>&nbsp;= 195, o que se refere a uma margem de erro de ~ 0,50:&nbsp;7%, pq = 0,75:&nbsp;6,1%&nbsp;e pq = 0,90:&nbsp;4,2%, para um n\u00edvel de confian\u00e7a de 95%. Os dados quantitativos foram analisados por meio de estat\u00edstica simples e do cruzamento das principais vari\u00e1veis, enquanto a an\u00e1lise dos dados qualitativos contou com o apoio do software NVivo.<\/p>\n\n\n\n<p>Para al\u00e9m de responder \u00e0 pergunta de investiga\u00e7\u00e3o, o estudo tamb\u00e9m esteve centrado em verificar se a comunica\u00e7\u00e3o via plataformas digitais leva a m\u00fasica cl\u00e1ssica a um p\u00fablico que n\u00e3o a consome em ambientes f\u00edsicos, como apresenta\u00e7\u00f5es e salas de concerto; se torna a m\u00fasica cl\u00e1ssica ainda mais acess\u00edvel para o p\u00fablico que j\u00e1 a consome em ambientes f\u00edsicos; e se o trabalho da OSESP nas plataformas digitais consegue alcan\u00e7ar um p\u00fablico que n\u00e3o acompanha a orquestra em ambientes f\u00edsicos.<\/p>\n\n\n\n<p>Em rela\u00e7\u00e3o aos resultados, pode-se afirmar que a comunica\u00e7\u00e3o digital das orquestras contribui, mesmo que de maneira t\u00edmida, para o consumo virtual de m\u00fasica cl\u00e1ssica por pessoas que n\u00e3o frequentam salas de concertos ou apresenta\u00e7\u00f5es presenciais. Com rela\u00e7\u00e3o ao p\u00fablico que j\u00e1 consome m\u00fasica cl\u00e1ssica em ambientes f\u00edsicos, inferiu-se que tal consumo \u00e9 refor\u00e7ado, tamb\u00e9m timidamente, pela utiliza\u00e7\u00e3o de plataformas digitais. Quanto \u00e0 influ\u00eancia que as plataformas digitais da OSESP exercem sobre um p\u00fablico que n\u00e3o a acompanha em apresenta\u00e7\u00f5es presenciais, pode-se afirmar que ela \u00e9 inexpressiva, oferecendo \u00e0 OSESP um amplo espa\u00e7o para evolu\u00e7\u00e3o do seu conte\u00fado digital e consequente amplia\u00e7\u00e3o do seu p\u00fablico. Os dados apurados sugerem pouca rela\u00e7\u00e3o entre o consumo de m\u00fasica cl\u00e1ssica, seja em ambientes f\u00edsicos ou em ambientes virtuais, e a comunica\u00e7\u00e3o desenvolvida pelas orquestras por meio das suas plataformas digitais.<\/p>\n","protected":false},"excerpt":{"rendered":"<p>Isadora Minas Langaro Carneiro, Allan Tadeu Pugliese, Bianca Persici Toniolo Nos \u00faltimos anos foi poss\u00edvel perceber um crescente interesse acad\u00eamico e cient\u00edfico pelo consumo on-line de m\u00fasica, incluindo a maneira&#8230;<\/p>\n","protected":false},"author":137,"featured_media":16812,"comment_status":"open","ping_status":"open","sticky":false,"template":"","format":"standard","meta":{"_bbp_topic_count":0,"_bbp_reply_count":0,"_bbp_total_topic_count":0,"_bbp_total_reply_count":0,"_bbp_voice_count":0,"_bbp_anonymous_reply_count":0,"_bbp_topic_count_hidden":0,"_bbp_reply_count_hidden":0,"_bbp_forum_subforum_count":0,"_jetpack_memberships_contains_paid_content":false,"footnotes":""},"categories":[159,173,1],"tags":[],"class_list":["post-16844","post","type-post","status-publish","format-standard","has-post-thumbnail","hentry","category-gt-3","category-live-18","category-resumos"],"jetpack_featured_media_url":"https:\/\/i0.wp.com\/culturas.cc\/congresso2020\/wp-content\/uploads\/sites\/9\/2020\/11\/GT3.png?fit=600%2C600&ssl=1","jetpack_sharing_enabled":true,"_links":{"self":[{"href":"https:\/\/culturas.cc\/congresso2020\/wp-json\/wp\/v2\/posts\/16844","targetHints":{"allow":["GET"]}}],"collection":[{"href":"https:\/\/culturas.cc\/congresso2020\/wp-json\/wp\/v2\/posts"}],"about":[{"href":"https:\/\/culturas.cc\/congresso2020\/wp-json\/wp\/v2\/types\/post"}],"author":[{"embeddable":true,"href":"https:\/\/culturas.cc\/congresso2020\/wp-json\/wp\/v2\/users\/137"}],"replies":[{"embeddable":true,"href":"https:\/\/culturas.cc\/congresso2020\/wp-json\/wp\/v2\/comments?post=16844"}],"version-history":[{"count":1,"href":"https:\/\/culturas.cc\/congresso2020\/wp-json\/wp\/v2\/posts\/16844\/revisions"}],"predecessor-version":[{"id":16845,"href":"https:\/\/culturas.cc\/congresso2020\/wp-json\/wp\/v2\/posts\/16844\/revisions\/16845"}],"wp:featuredmedia":[{"embeddable":true,"href":"https:\/\/culturas.cc\/congresso2020\/wp-json\/wp\/v2\/media\/16812"}],"wp:attachment":[{"href":"https:\/\/culturas.cc\/congresso2020\/wp-json\/wp\/v2\/media?parent=16844"}],"wp:term":[{"taxonomy":"category","embeddable":true,"href":"https:\/\/culturas.cc\/congresso2020\/wp-json\/wp\/v2\/categories?post=16844"},{"taxonomy":"post_tag","embeddable":true,"href":"https:\/\/culturas.cc\/congresso2020\/wp-json\/wp\/v2\/tags?post=16844"}],"curies":[{"name":"wp","href":"https:\/\/api.w.org\/{rel}","templated":true}]}}