{"id":16842,"date":"2020-11-12T00:28:57","date_gmt":"2020-11-12T03:28:57","guid":{"rendered":"https:\/\/culturas.cc\/congresso2020\/?p=16842"},"modified":"2020-11-12T00:29:00","modified_gmt":"2020-11-12T03:29:00","slug":"o-contributo-da-estrategia-de-comunicacao-digital-para-o-desenvolvimento-de-politicas-culturais-no-norte-de-portugal-galiza","status":"publish","type":"post","link":"https:\/\/culturas.cc\/congresso2020\/16842\/","title":{"rendered":"O contributo da estrat\u00e9gia de comunica\u00e7\u00e3o digital para o desenvolvimento de pol\u00edticas culturais no Norte de Portugal \u2013 Galiza"},"content":{"rendered":"\n<h3 class=\"wp-block-heading\">Joana Tarana, Ivone Ferreira, Z\u00f3simo L\u00f3pez<\/h3>\n\n\n\n<p>Este estudo surge na sequ\u00eancia de uma disserta\u00e7\u00e3o de mestrado sobre comunica\u00e7\u00e3o digital em institui\u00e7\u00f5es culturais. Daqui, v\u00e1rias conclus\u00f5es deram origem a quest\u00f5es, como a que aqui se apresenta enquanto problem\u00e1tica de investiga\u00e7\u00e3o: pode a estrat\u00e9gia de comunica\u00e7\u00e3o digital promover o desenvolvimento de pol\u00edticas culturais do Norte de Portugal \u2013 Galiza (Espanha)? Ainda, como promover o desenvolvimento de pol\u00edticas culturais atrav\u00e9s de uma estrat\u00e9gia de comunica\u00e7\u00e3o digital para o Norte de Portugal \u2013 Galiza (Espanha)?<\/p>\n\n\n\n<p>Assim, com base no tema \u2013 estrat\u00e9gia de comunica\u00e7\u00e3o digital para o desenvolvimento de pol\u00edticas culturais &#8211; e nas quest\u00f5es de investiga\u00e7\u00e3o, s\u00e3o delineados os objetivos principais: compreender se a estrat\u00e9gia de comunica\u00e7\u00e3o digital pode promover o desenvolvimento de pol\u00edticas culturais para esta inter-regi\u00e3o e ainda, como \u00e9 que isto pode ser feito.<\/p>\n\n\n\n<p>Metodologicamente, foi utilizada uma an\u00e1lise qualitativa de entrevistas semi-estruturadas realizadas aos respons\u00e1veis de comunica\u00e7\u00e3o de dois teatros nacionais em cada regi\u00e3o mencionada: o Teatro Nacional de S\u00e3o Jo\u00e3o (Porto, Portugal) e o Centro Dram\u00e1tico Galego \u2013 Sal\u00f3n Teatro (Santiago de Compostela, Galiza \/ Espanha).&nbsp;<\/p>\n\n\n\n<p>Estas institui\u00e7\u00f5es, integram na sua estrat\u00e9gia de comunica\u00e7\u00e3o uma miss\u00e3o de servi\u00e7o p\u00fablico e como tal, pretendem acrescentar valor local, regional, nacional e internacional, atrav\u00e9s da divulga\u00e7\u00e3o da l\u00edngua e cultura, num trabalho permanente de descentraliza\u00e7\u00e3o cultural. Assim, \u00e9 not\u00f3rio o seu papel fundamental para o desenvolvimento de pol\u00edticas culturais, num contributo claro e significativo para a regi\u00e3o.<\/p>\n\n\n\n<p>Adicionalmente, a digitaliza\u00e7\u00e3o de meios e processos de comunica\u00e7\u00e3o \u00e9 necess\u00e1ria e ganhou destaque no atual contexto pand\u00e9mico. O setor reinventou-se de uma forma nunca antes pensada. Por outro lado, como j\u00e1 \u00e9 habitual em situa\u00e7\u00f5es de crise, revela-se o elo economicamente mais fr\u00e1gil e o que mais precisa do que a digitaliza\u00e7\u00e3o ainda n\u00e3o trouxe: a proximidade f\u00edsica com o p\u00fablico e com as pessoas, especialmente nas artes performativas.<\/p>\n\n\n\n<p>De qualquer forma, do ponto de vista estrat\u00e9gico n\u00e3o h\u00e1 d\u00favidas de que a comunica\u00e7\u00e3o digital \u00e9 o meio mais eficaz para chegarmos ao(s) p\u00fablico(s)-alvo, em particular quando se trata de uma inter-regi\u00e3o que recebe medidas pol\u00edticas distintas. Ainda, a uni\u00e3o entre institui\u00e7\u00f5es torna-se urgente e assim, a cria\u00e7\u00e3o de redes digitais de cria\u00e7\u00e3o e programa\u00e7\u00e3o art\u00edstica revela-se uma resposta eficaz e integrada, especialmente quando olhamos para duas regi\u00f5es como o Norte de Portugal&nbsp; &#8211; Galiza, divididas por uma fronteira que traz diferen\u00e7as culturais e lingu\u00edsticas, por um lado, mas por outro, t\u00e3o semelhantes que as barreiras de comunica\u00e7\u00e3o poderiam (quase) nem existir. O que n\u00e3o h\u00e1, \u00e9 consci\u00eancia dessa identidade comum ou sentimento de perten\u00e7a, que possa ser partilhado independentemente da distin\u00e7\u00e3o entre nacionalidades, apesar das diversas associa\u00e7\u00f5es e institui\u00e7\u00f5es que se criam permanentemente. J\u00e1 os dados econ\u00f3micos, revelam uma proximidade crescente, demonstrando que a Galiza, em 2018, era a segunda regi\u00e3o aut\u00f3noma para a qual Portugal mais exportava. Assim, o trabalho de comunica\u00e7\u00e3o online, poder\u00e1 trazer conhecimento e o consequente desenvolvimento de pol\u00edticas culturais regionais, atrav\u00e9s de um trabalho de mem\u00f3ria, identidade e di\u00e1logo.&nbsp;<\/p>\n","protected":false},"excerpt":{"rendered":"<p>Joana Tarana, Ivone Ferreira, Z\u00f3simo L\u00f3pez Este estudo surge na sequ\u00eancia de uma disserta\u00e7\u00e3o de mestrado sobre comunica\u00e7\u00e3o digital em institui\u00e7\u00f5es culturais. Daqui, v\u00e1rias conclus\u00f5es deram origem a quest\u00f5es, como&#8230;<\/p>\n","protected":false},"author":137,"featured_media":16812,"comment_status":"open","ping_status":"open","sticky":false,"template":"","format":"standard","meta":{"_bbp_topic_count":0,"_bbp_reply_count":0,"_bbp_total_topic_count":0,"_bbp_total_reply_count":0,"_bbp_voice_count":0,"_bbp_anonymous_reply_count":0,"_bbp_topic_count_hidden":0,"_bbp_reply_count_hidden":0,"_bbp_forum_subforum_count":0,"_jetpack_memberships_contains_paid_content":false,"footnotes":""},"categories":[159,173,1],"tags":[],"class_list":["post-16842","post","type-post","status-publish","format-standard","has-post-thumbnail","hentry","category-gt-3","category-live-18","category-resumos"],"jetpack_featured_media_url":"https:\/\/i0.wp.com\/culturas.cc\/congresso2020\/wp-content\/uploads\/sites\/9\/2020\/11\/GT3.png?fit=600%2C600&ssl=1","jetpack_sharing_enabled":true,"_links":{"self":[{"href":"https:\/\/culturas.cc\/congresso2020\/wp-json\/wp\/v2\/posts\/16842","targetHints":{"allow":["GET"]}}],"collection":[{"href":"https:\/\/culturas.cc\/congresso2020\/wp-json\/wp\/v2\/posts"}],"about":[{"href":"https:\/\/culturas.cc\/congresso2020\/wp-json\/wp\/v2\/types\/post"}],"author":[{"embeddable":true,"href":"https:\/\/culturas.cc\/congresso2020\/wp-json\/wp\/v2\/users\/137"}],"replies":[{"embeddable":true,"href":"https:\/\/culturas.cc\/congresso2020\/wp-json\/wp\/v2\/comments?post=16842"}],"version-history":[{"count":1,"href":"https:\/\/culturas.cc\/congresso2020\/wp-json\/wp\/v2\/posts\/16842\/revisions"}],"predecessor-version":[{"id":16843,"href":"https:\/\/culturas.cc\/congresso2020\/wp-json\/wp\/v2\/posts\/16842\/revisions\/16843"}],"wp:featuredmedia":[{"embeddable":true,"href":"https:\/\/culturas.cc\/congresso2020\/wp-json\/wp\/v2\/media\/16812"}],"wp:attachment":[{"href":"https:\/\/culturas.cc\/congresso2020\/wp-json\/wp\/v2\/media?parent=16842"}],"wp:term":[{"taxonomy":"category","embeddable":true,"href":"https:\/\/culturas.cc\/congresso2020\/wp-json\/wp\/v2\/categories?post=16842"},{"taxonomy":"post_tag","embeddable":true,"href":"https:\/\/culturas.cc\/congresso2020\/wp-json\/wp\/v2\/tags?post=16842"}],"curies":[{"name":"wp","href":"https:\/\/api.w.org\/{rel}","templated":true}]}}