{"id":16840,"date":"2020-11-12T00:27:40","date_gmt":"2020-11-12T03:27:40","guid":{"rendered":"https:\/\/culturas.cc\/congresso2020\/?p=16840"},"modified":"2020-11-12T00:27:43","modified_gmt":"2020-11-12T03:27:43","slug":"comunicacao-e-inteligencia-de-fontes-abertas","status":"publish","type":"post","link":"https:\/\/culturas.cc\/congresso2020\/16840\/","title":{"rendered":"Comunica\u00e7\u00e3o e Intelig\u00eancia de Fontes Abertas"},"content":{"rendered":"\n<h3 class=\"wp-block-heading\">Miguel Ticom, Francisco Mesquita, Clarice Moreira Menezes<\/h3>\n\n\n\n<p>Tecnologias de transmiss\u00e3o eletr\u00f4nica de dados v\u00eam se disseminando e se sofisticando\u00a0rapidamente na sociedade moderna, alterando sua cultura, sua forma de comunica\u00e7\u00e3o e provocando\u00a0 uma percep\u00e7\u00e3o mais intensa do vazio da representa\u00e7\u00e3o pol\u00edtica ocorrente em n\u00edvel\u00a0 planet\u00e1rio.\u00a0 Atualmente, com a invas\u00e3o do ambiente Web pelas redes sociais, uma\u00a0 profus\u00e3o de dados \u00e9 lan\u00e7ada diariamente nesse ambiente por usu\u00e1rios de todos os matizes.\u00a0 Este desenvolvimento tecnol\u00f3gico acelerado gera novas formas de atua\u00e7\u00e3o dos indiv\u00edduos, dos grupos sociais e do pr\u00f3prio Estado. Por suas caracter\u00edsticas, o Estado \u00e9 moroso para assimilar e aplicar as novidades produzidas por este processo em seu favor, especialmente no \u00e2mbito da intelig\u00eancia.\u00a0O presente trabalho pretende conceituar as fontes abertas, com foco especial nas redes sociais, e investigar o tratamento das informa\u00e7\u00f5es obtidas por meio destas fontes por \u00f3rg\u00e3os estatais de intelig\u00eancia sem perder de vista o sigilo necess\u00e1rio, formulando protocolos e respeitando os regramentos e a doutrina vigentes neste campo de\u00a0atua\u00e7\u00e3o.\u00a0O trabalho ter\u00e1 como base a experi\u00eancia adquirida ao longo dos anos do \u00f3rg\u00e3o de intelig\u00eancia atuantes no Estado do Rio de Janeiro, por meio do trabalho de analistas, diretamente vinculado aos\u00a0processos de busca eletr\u00f4nica de dados e informa\u00e7\u00f5es.\u00a0A expertise do quadro de agentes p\u00fablicos entrevistados no campo de pesquisa ser\u00e1 utilizada\u00a0como meio de valida\u00e7\u00e3o das atividades de intelig\u00eancia vincularas \u00e0s redes sociais, especialmente para a identifica\u00e7\u00e3o de lacunas procedimentais e estabelecimento de novas\u00a0diretrizes.\u00a0As propostas de trabalho nascidas deste processo de an\u00e1lise e diagn\u00f3stico fo tratamento das informa\u00e7\u00f5es disponibilizadas por meio das redes sociais servir\u00e3o de conte\u00fado para a constru\u00e7\u00e3o do protocolos de Gest\u00e3o da Informa\u00e7\u00e3o em Intelig\u00eancia de Fontes Abertas, permitindo a capacita\u00e7\u00e3o de agentes p\u00fablicos, visando \u00e0 efic\u00e1cia e efici\u00eancia dos processos e visando ainda \u00e0\u00a0cria\u00e7\u00e3o de procedimentos a serem descritos no protocolo.<\/p>\n","protected":false},"excerpt":{"rendered":"<p>Miguel Ticom, Francisco Mesquita, Clarice Moreira Menezes Tecnologias de transmiss\u00e3o eletr\u00f4nica de dados v\u00eam se disseminando e se sofisticando\u00a0rapidamente na sociedade moderna, alterando sua cultura, sua forma de comunica\u00e7\u00e3o e&#8230;<\/p>\n","protected":false},"author":137,"featured_media":16812,"comment_status":"open","ping_status":"open","sticky":false,"template":"","format":"standard","meta":{"_bbp_topic_count":0,"_bbp_reply_count":0,"_bbp_total_topic_count":0,"_bbp_total_reply_count":0,"_bbp_voice_count":0,"_bbp_anonymous_reply_count":0,"_bbp_topic_count_hidden":0,"_bbp_reply_count_hidden":0,"_bbp_forum_subforum_count":0,"_jetpack_memberships_contains_paid_content":false,"footnotes":""},"categories":[159,173,1],"tags":[],"class_list":["post-16840","post","type-post","status-publish","format-standard","has-post-thumbnail","hentry","category-gt-3","category-live-18","category-resumos"],"jetpack_featured_media_url":"https:\/\/i0.wp.com\/culturas.cc\/congresso2020\/wp-content\/uploads\/sites\/9\/2020\/11\/GT3.png?fit=600%2C600&ssl=1","jetpack_sharing_enabled":true,"_links":{"self":[{"href":"https:\/\/culturas.cc\/congresso2020\/wp-json\/wp\/v2\/posts\/16840","targetHints":{"allow":["GET"]}}],"collection":[{"href":"https:\/\/culturas.cc\/congresso2020\/wp-json\/wp\/v2\/posts"}],"about":[{"href":"https:\/\/culturas.cc\/congresso2020\/wp-json\/wp\/v2\/types\/post"}],"author":[{"embeddable":true,"href":"https:\/\/culturas.cc\/congresso2020\/wp-json\/wp\/v2\/users\/137"}],"replies":[{"embeddable":true,"href":"https:\/\/culturas.cc\/congresso2020\/wp-json\/wp\/v2\/comments?post=16840"}],"version-history":[{"count":1,"href":"https:\/\/culturas.cc\/congresso2020\/wp-json\/wp\/v2\/posts\/16840\/revisions"}],"predecessor-version":[{"id":16841,"href":"https:\/\/culturas.cc\/congresso2020\/wp-json\/wp\/v2\/posts\/16840\/revisions\/16841"}],"wp:featuredmedia":[{"embeddable":true,"href":"https:\/\/culturas.cc\/congresso2020\/wp-json\/wp\/v2\/media\/16812"}],"wp:attachment":[{"href":"https:\/\/culturas.cc\/congresso2020\/wp-json\/wp\/v2\/media?parent=16840"}],"wp:term":[{"taxonomy":"category","embeddable":true,"href":"https:\/\/culturas.cc\/congresso2020\/wp-json\/wp\/v2\/categories?post=16840"},{"taxonomy":"post_tag","embeddable":true,"href":"https:\/\/culturas.cc\/congresso2020\/wp-json\/wp\/v2\/tags?post=16840"}],"curies":[{"name":"wp","href":"https:\/\/api.w.org\/{rel}","templated":true}]}}