{"id":16836,"date":"2020-11-12T00:24:09","date_gmt":"2020-11-12T03:24:09","guid":{"rendered":"https:\/\/culturas.cc\/congresso2020\/?p=16836"},"modified":"2020-11-12T00:24:12","modified_gmt":"2020-11-12T03:24:12","slug":"cultura-participativa-e-democracia-em-tempos-de-crise-redes-sociais-e-cidadania","status":"publish","type":"post","link":"https:\/\/culturas.cc\/congresso2020\/16836\/","title":{"rendered":"Cultura participativa e democracia em tempos de crise: redes sociais e cidadania"},"content":{"rendered":"\n<h3 class=\"wp-block-heading\">Adriana Jacob, Alice Vargas, Beatriz Ribas, Silvia Mota Dantas<\/h3>\n\n\n\n<p>Vivenciamos um momento de profundas transforma\u00e7\u00f5es comunicacionais, em que produtores e consumidores de conte\u00fado interagem segundo um conjunto de novas regras, que ainda v\u00eam sendo desenvolvidas e compreendidas. Um cen\u00e1rio em que o fluxo de conte\u00fados atrav\u00e9s de m\u00faltiplas plataformas midi\u00e1ticas associa-se \u00e0 participa\u00e7\u00e3o ativa dos consumidores e cria uma pot\u00eancia para a reconfigura\u00e7\u00e3o social e pol\u00edtica. A mesa \u201cCultura participativa e democracia em tempos de crise: redes sociais e cidadania\u201d prop\u00f5e-se a discutir elementos e narrativas que configuram a ambi\u00eancia em rede, com o intuito de vislumbrar desafios desse novo contexto de transforma\u00e7\u00f5es tecnol\u00f3gicas, mercadol\u00f3gicas, culturais, pol\u00edticas e sociais.<\/p>\n\n\n\n<p>Para empreender a discuss\u00e3o, a mesa reunir\u00e1 quatro trabalhos que apresentam quest\u00f5es significativas para compreender as din\u00e2micas da cultura digital e seus entrela\u00e7amentos com a democracia em diferentes momentos de crise. Nosso espectro vai da distribui\u00e7\u00e3o de not\u00edcias em meio \u00e0 crise da desinforma\u00e7\u00e3o, passando pela influ\u00eancia pol\u00edtica das narrativas fict\u00edcias e do humor em rede, at\u00e9 as pol\u00edticas culturais em meio \u00e0 pandemia, tendo como fio condutor as redes sociais enquanto ambi\u00eancia poss\u00edvel para uma cultura participativa.&nbsp;<\/p>\n\n\n\n<p>A pesquisa \u201cIndicadores de an\u00e1lise das propostas do Canal Reload para distribuir e explicar not\u00edcias em redes sociais\u201d analisa a inova\u00e7\u00e3o na pr\u00e1tica jornal\u00edstica em meio a processos de desinforma\u00e7\u00e3o, perda de confian\u00e7a nos jornalistas e disputa pela aten\u00e7\u00e3o do p\u00fablico nas redes sociais. Trata-se de um estudo preliminar sobre um canal de not\u00edcias criado por dez organiza\u00e7\u00f5es jornal\u00edsticas empenhadas em conectar a juventude com a democracia e a cidadania. A investiga\u00e7\u00e3o integra o processo de inova\u00e7\u00e3o em jornalismo realizado no curso de comunica\u00e7\u00e3o da Unijorge.<\/p>\n\n\n\n<p>J\u00e1 os entrelaces entre humor e pol\u00edtica nas narrativas das m\u00eddias sociais integram o trabalho \u201cDilma Bolada: cultura participativa, pol\u00edtica e humor\u201d, que analisa a personagem humor\u00edstica Dilma Bolada. Inspirada na presidenta Dilma Rousseff, a personagem mobilizou um p\u00fablico de cerca de tr\u00eas milh\u00f5es de pessoas que curtiam, comentavam e compartilhavam suas publica\u00e7\u00f5es durante a crise pol\u00edtica que culminou com a sa\u00edda do cargo da primeira presidenta do Brasil. Um ambiente rico para investigar caracter\u00edsticas que permitiram a essa cria\u00e7\u00e3o fict\u00edcia tornar-se um fen\u00f4meno da cultura digital.&nbsp;<\/p>\n\n\n\n<p>O cen\u00e1rio atual de crise e seus reflexos na economia da cultura configuram o contexto do trabalho \u201cImpactos da pandemia no setor art\u00edstico-cultural cultural brasileiro: mobiliza\u00e7\u00e3o, press\u00e3o pol\u00edtica e conquistas\u201d. O estudo analisa o modo como a categoria uniu esfor\u00e7os e, atrav\u00e9s de intensa mobiliza\u00e7\u00e3o nas redes sociais, conseguiu a aprova\u00e7\u00e3o da Lei Aldir Blanc, para aux\u00edlio emergencial ao setor. Sua mobiliza\u00e7\u00e3o \u00e9 um campo rico para observar o potencial democr\u00e1tico possibilitado pela internet.<\/p>\n\n\n\n<p>Em meio \u00e0s in\u00fameras possibilidades oferecidas pela cultura digital, apenas alguns atores destacam-se e conquistam visibilidade e poder midi\u00e1tico. O trabalho \u201cRedes sociais: a f\u00f3rmula do conte\u00fado rei\u201d observa as caracter\u00edsticas de um dos cernes da cultura digital: a produ\u00e7\u00e3o de conte\u00fado. A an\u00e1lise contempla os elementos diferenciais na produ\u00e7\u00e3o do conte\u00fado em rede, a exemplo do contexto, das comunidades \u2013 associadas a din\u00e2micas de pertencimento e identit\u00e1rias, e do compartilhamento \u2013 fundamental para a cultura participativa.<\/p>\n","protected":false},"excerpt":{"rendered":"<p>Adriana Jacob, Alice Vargas, Beatriz Ribas, Silvia Mota Dantas Vivenciamos um momento de profundas transforma\u00e7\u00f5es comunicacionais, em que produtores e consumidores de conte\u00fado interagem segundo um conjunto de novas regras,&#8230;<\/p>\n","protected":false},"author":137,"featured_media":16812,"comment_status":"open","ping_status":"open","sticky":false,"template":"","format":"standard","meta":{"_bbp_topic_count":0,"_bbp_reply_count":0,"_bbp_total_topic_count":0,"_bbp_total_reply_count":0,"_bbp_voice_count":0,"_bbp_anonymous_reply_count":0,"_bbp_topic_count_hidden":0,"_bbp_reply_count_hidden":0,"_bbp_forum_subforum_count":0,"_jetpack_memberships_contains_paid_content":false,"footnotes":""},"categories":[159,172,1],"tags":[],"class_list":["post-16836","post","type-post","status-publish","format-standard","has-post-thumbnail","hentry","category-gt-3","category-live-17","category-resumos"],"jetpack_featured_media_url":"https:\/\/i0.wp.com\/culturas.cc\/congresso2020\/wp-content\/uploads\/sites\/9\/2020\/11\/GT3.png?fit=600%2C600&ssl=1","jetpack_sharing_enabled":true,"_links":{"self":[{"href":"https:\/\/culturas.cc\/congresso2020\/wp-json\/wp\/v2\/posts\/16836","targetHints":{"allow":["GET"]}}],"collection":[{"href":"https:\/\/culturas.cc\/congresso2020\/wp-json\/wp\/v2\/posts"}],"about":[{"href":"https:\/\/culturas.cc\/congresso2020\/wp-json\/wp\/v2\/types\/post"}],"author":[{"embeddable":true,"href":"https:\/\/culturas.cc\/congresso2020\/wp-json\/wp\/v2\/users\/137"}],"replies":[{"embeddable":true,"href":"https:\/\/culturas.cc\/congresso2020\/wp-json\/wp\/v2\/comments?post=16836"}],"version-history":[{"count":1,"href":"https:\/\/culturas.cc\/congresso2020\/wp-json\/wp\/v2\/posts\/16836\/revisions"}],"predecessor-version":[{"id":16837,"href":"https:\/\/culturas.cc\/congresso2020\/wp-json\/wp\/v2\/posts\/16836\/revisions\/16837"}],"wp:featuredmedia":[{"embeddable":true,"href":"https:\/\/culturas.cc\/congresso2020\/wp-json\/wp\/v2\/media\/16812"}],"wp:attachment":[{"href":"https:\/\/culturas.cc\/congresso2020\/wp-json\/wp\/v2\/media?parent=16836"}],"wp:term":[{"taxonomy":"category","embeddable":true,"href":"https:\/\/culturas.cc\/congresso2020\/wp-json\/wp\/v2\/categories?post=16836"},{"taxonomy":"post_tag","embeddable":true,"href":"https:\/\/culturas.cc\/congresso2020\/wp-json\/wp\/v2\/tags?post=16836"}],"curies":[{"name":"wp","href":"https:\/\/api.w.org\/{rel}","templated":true}]}}