{"id":16834,"date":"2020-11-12T00:22:51","date_gmt":"2020-11-12T03:22:51","guid":{"rendered":"https:\/\/culturas.cc\/congresso2020\/?p=16834"},"modified":"2020-11-12T00:22:54","modified_gmt":"2020-11-12T03:22:54","slug":"a-pratica-pedagogica-em-tempos-de-dispositivos-moveis","status":"publish","type":"post","link":"https:\/\/culturas.cc\/congresso2020\/16834\/","title":{"rendered":"A pr\u00e1tica pedag\u00f3gica em tempos de dispositivos m\u00f3veis"},"content":{"rendered":"\n<h3 class=\"wp-block-heading\">Clarice Moreira Menezes, Francisco Mesquita, Miguel \u00c2ngelo Duarte Ticom<\/h3>\n\n\n\n<p>Compreendendo que a nova gera\u00e7\u00e3o de estudantes pensa e aprende em modo digital, domina amplamente as tecnologias e dita seus modelos de comunica\u00e7\u00e3o, est\u00e1 constantemente conectada, \u00e9 colaborativa e valoriza a troca de informa\u00e7\u00f5es, faz-se indispens\u00e1vel salientar o uso das tecnologias digitais no contexto da sala de aula, principalmente quanto \u00e0 utiliza\u00e7\u00e3o dos dispositivos m\u00f3veis como ferramenta de ensino e aprendizagem. S\u00e3o muitos os desafios para o profissional de educa\u00e7\u00e3o que, diante desse aluno, deve assumir o papel de mediador e facilitador do processo de aquisi\u00e7\u00e3o do conhecimento.<\/p>\n\n\n\n<p>Este trabalho investiga as potencialidades did\u00e1ticas dos aparelhos celulares na pr\u00e1tica pedag\u00f3gica de forma a despertar a <em>criatividade<\/em>, promover a <em>autonomia<\/em> dos alunos e o esp\u00edrito de <em>colabora\u00e7\u00e3o<\/em> em projetos de aprendizagem mais complexos que exigem deles uma postura mais participativa e engajada. Al\u00e9m disso, consideramos avaliar como o celular age como mediador no processo de ensino e aprendizagem e investigar como os alunos aplicam o celular para ampliar os conhecimentos. Para alcan\u00e7ar esses objetivos foi realizado um estudo de natureza qualitativa com abordagem descritiva do <strong>Projeto Propaganda <\/strong>que consistiu em estudar e analisar a linguagem publicit\u00e1ria e produzir por meio de novas tecnologias an\u00fancios publicit\u00e1rios. A coleta de dados se deu com uma turma de Ensino Fundamental de s\u00e9timo ano, da rede p\u00fablica do munic\u00edpio da cidade do Rio de Janeiro, no segundo semestre de 2019.&nbsp;<\/p>\n\n\n\n<p>A partir das an\u00e1lises foi poss\u00edvel perceber que o uso do celular como recurso did\u00e1tico contribuiu de forma positiva para deixar o processo de aprendizagem mais din\u00e2mico e desenvolver nos estudantes a autonomia, a criatividade e a colabora\u00e7\u00e3o, compet\u00eancias fundamentais para o s\u00e9culo XXI.<\/p>\n","protected":false},"excerpt":{"rendered":"<p>Clarice Moreira Menezes, Francisco Mesquita, Miguel \u00c2ngelo Duarte Ticom Compreendendo que a nova gera\u00e7\u00e3o de estudantes pensa e aprende em modo digital, domina amplamente as tecnologias e dita seus modelos&#8230;<\/p>\n","protected":false},"author":137,"featured_media":16812,"comment_status":"open","ping_status":"open","sticky":false,"template":"","format":"standard","meta":{"_bbp_topic_count":0,"_bbp_reply_count":0,"_bbp_total_topic_count":0,"_bbp_total_reply_count":0,"_bbp_voice_count":0,"_bbp_anonymous_reply_count":0,"_bbp_topic_count_hidden":0,"_bbp_reply_count_hidden":0,"_bbp_forum_subforum_count":0,"_jetpack_memberships_contains_paid_content":false,"footnotes":""},"categories":[159,172,1],"tags":[],"class_list":["post-16834","post","type-post","status-publish","format-standard","has-post-thumbnail","hentry","category-gt-3","category-live-17","category-resumos"],"jetpack_featured_media_url":"https:\/\/i0.wp.com\/culturas.cc\/congresso2020\/wp-content\/uploads\/sites\/9\/2020\/11\/GT3.png?fit=600%2C600&ssl=1","jetpack_sharing_enabled":true,"_links":{"self":[{"href":"https:\/\/culturas.cc\/congresso2020\/wp-json\/wp\/v2\/posts\/16834","targetHints":{"allow":["GET"]}}],"collection":[{"href":"https:\/\/culturas.cc\/congresso2020\/wp-json\/wp\/v2\/posts"}],"about":[{"href":"https:\/\/culturas.cc\/congresso2020\/wp-json\/wp\/v2\/types\/post"}],"author":[{"embeddable":true,"href":"https:\/\/culturas.cc\/congresso2020\/wp-json\/wp\/v2\/users\/137"}],"replies":[{"embeddable":true,"href":"https:\/\/culturas.cc\/congresso2020\/wp-json\/wp\/v2\/comments?post=16834"}],"version-history":[{"count":1,"href":"https:\/\/culturas.cc\/congresso2020\/wp-json\/wp\/v2\/posts\/16834\/revisions"}],"predecessor-version":[{"id":16835,"href":"https:\/\/culturas.cc\/congresso2020\/wp-json\/wp\/v2\/posts\/16834\/revisions\/16835"}],"wp:featuredmedia":[{"embeddable":true,"href":"https:\/\/culturas.cc\/congresso2020\/wp-json\/wp\/v2\/media\/16812"}],"wp:attachment":[{"href":"https:\/\/culturas.cc\/congresso2020\/wp-json\/wp\/v2\/media?parent=16834"}],"wp:term":[{"taxonomy":"category","embeddable":true,"href":"https:\/\/culturas.cc\/congresso2020\/wp-json\/wp\/v2\/categories?post=16834"},{"taxonomy":"post_tag","embeddable":true,"href":"https:\/\/culturas.cc\/congresso2020\/wp-json\/wp\/v2\/tags?post=16834"}],"curies":[{"name":"wp","href":"https:\/\/api.w.org\/{rel}","templated":true}]}}