{"id":16832,"date":"2020-11-12T00:20:00","date_gmt":"2020-11-12T03:20:00","guid":{"rendered":"https:\/\/culturas.cc\/congresso2020\/?p=16832"},"modified":"2020-11-12T00:20:20","modified_gmt":"2020-11-12T03:20:20","slug":"aliadas-em-movimento-casa-virtual-do-feminismo-mocambicano","status":"publish","type":"post","link":"https:\/\/culturas.cc\/congresso2020\/16832\/","title":{"rendered":"Aliadas em Movimento: Casa virtual do feminismo mo\u00e7ambicano"},"content":{"rendered":"\n<h3 class=\"wp-block-heading\">Catarina Casimiro Trindade, Solange Rocha, F\u00e1bio Barros, Alessandra Paes, Aieda Freitas<\/h3>\n\n\n\n<p>Criada em Mo\u00e7ambique no contexto do COVID-19, a Plataforma digital Aliadas em Movimento \u00e9 parte do programa Women\u2019s Voice and Leadership &#8211; ALIADAS\/Centro de Aprendizagem e Capacita\u00e7\u00e3o da Sociedade Civil (CESC) e surge num contexto desafiador de efervesc\u00eancia, vigor e energia das colectividades feministas na constru\u00e7\u00e3o de movimento(s) coesos, vibrantes e proactivos pelos direitos das mulheres.<\/p>\n\n\n\n<p>Este programa foi pensado para ser um ve\u00edculo que amplia a voz e fortalece a lideran\u00e7a de organiza\u00e7\u00f5es estabelecidas, grupos emergentes, grupos informais, redes, plataformas e movimentos de mulheres. S\u00e3o valorizadas as abordagens e metodologias feministas transformativas, o que implica o reconhecimento da necessidade de transforma\u00e7\u00e3o das normas sociais e rela\u00e7\u00f5es de poder, para fortalecer a capacidade de gest\u00e3o e sustentabilidade, a performance no desenho e implementa\u00e7\u00e3o de programas e advocacia dos colectivos existentes, assim como a efic\u00e1cia das redes e movimentos de mulheres.<\/p>\n\n\n\n<p>Em Mo\u00e7ambique, as limita\u00e7\u00f5es tecnol\u00f3gicas revelam as marcas das desigualdades sociais e exp\u00f5em as desigualdades de g\u00e9nero. Em 2017, apenas 22.4% das mulheres tinham acesso a um telefone celular, contra 30.8% dos homens. Entre as mulheres, o acesso \u00e0 internet \u00e9 de 5.3% comparativamente aos homens, que \u00e9 de 8.1%. J\u00e1 o acesso ao computador \u00e9 de 3.1% para as mulheres e 5.8% para os homens (INE, 2018).<\/p>\n\n\n\n<p>Para enfrentar esta realidade agudizada pela pandemia do COVID-19, a plataforma \u00e9 o primeiro espa\u00e7o digital que combina um acervo digital do feminismo mo\u00e7ambicano, forma\u00e7\u00e3o online, inclus\u00e3o e activismo digital. Transformou-se na &#8220;casa virtual dos movimentos de mulheres e dos feminismos&#8221;. Passou a ser um lugar seguro, animado, leve, onde se contam hist\u00f3rias, que inspira curiosidade e o desejo de estar juntas, um lugar de voz e de participa\u00e7\u00e3o.&nbsp;<\/p>\n\n\n\n<p>A metodologia de cria\u00e7\u00e3o, implementa\u00e7\u00e3o e anima\u00e7\u00e3o da \u201ccasa virtual\u201d esteve nas m\u00e3os de uma equipe de pesquisador\/as e arte design, de Mo\u00e7ambique e do Brasil. Foi realizada uma exaustiva busca de informa\u00e7\u00f5es, de forma a criar um acervo de material em diferentes formatos e com hist\u00f3rias, em constante actualiza\u00e7\u00e3o. Todo o processo teve a participa\u00e7\u00e3o das organiza\u00e7\u00f5es e colectivos feministas mo\u00e7ambicanos, atrav\u00e9s de um comit\u00e9 de \u2018amigas cr\u00edticas\u2019 e forma\u00e7\u00f5es, indu\u00e7\u00e3o para aumentar a literacia digital de 30 grupos, redes do movimento de mulheres e feministas. Pela sua flexibilidade e facilidade de interac\u00e7\u00e3o, foram escolhidos e personalizados os softwares livres WordPress e Moodle.&nbsp;<\/p>\n\n\n\n<p>Esta proposta de comunica\u00e7\u00e3o pretende, diante do exposto, trazer as experi\u00eancias de cria\u00e7\u00e3o e implementa\u00e7\u00e3o (ainda em fase inicial) desta \u2018casa\u2019 virtual, enfatizando as suas in\u00fameras potencialidades, nomeadamente o enfrentamento da iliteracia digital e o combate \u00e0s injusti\u00e7as sociais.<\/p>\n","protected":false},"excerpt":{"rendered":"<p>Catarina Casimiro Trindade, Solange Rocha, F\u00e1bio Barros, Alessandra Paes, Aieda Freitas Criada em Mo\u00e7ambique no contexto do COVID-19, a Plataforma digital Aliadas em Movimento \u00e9 parte do programa Women\u2019s Voice&#8230;<\/p>\n","protected":false},"author":137,"featured_media":16812,"comment_status":"open","ping_status":"open","sticky":false,"template":"","format":"standard","meta":{"_bbp_topic_count":0,"_bbp_reply_count":0,"_bbp_total_topic_count":0,"_bbp_total_reply_count":0,"_bbp_voice_count":0,"_bbp_anonymous_reply_count":0,"_bbp_topic_count_hidden":0,"_bbp_reply_count_hidden":0,"_bbp_forum_subforum_count":0,"_jetpack_memberships_contains_paid_content":false,"footnotes":""},"categories":[159,171,1],"tags":[],"class_list":["post-16832","post","type-post","status-publish","format-standard","has-post-thumbnail","hentry","category-gt-3","category-live-6","category-resumos"],"jetpack_featured_media_url":"https:\/\/i0.wp.com\/culturas.cc\/congresso2020\/wp-content\/uploads\/sites\/9\/2020\/11\/GT3.png?fit=600%2C600&ssl=1","jetpack_sharing_enabled":true,"_links":{"self":[{"href":"https:\/\/culturas.cc\/congresso2020\/wp-json\/wp\/v2\/posts\/16832","targetHints":{"allow":["GET"]}}],"collection":[{"href":"https:\/\/culturas.cc\/congresso2020\/wp-json\/wp\/v2\/posts"}],"about":[{"href":"https:\/\/culturas.cc\/congresso2020\/wp-json\/wp\/v2\/types\/post"}],"author":[{"embeddable":true,"href":"https:\/\/culturas.cc\/congresso2020\/wp-json\/wp\/v2\/users\/137"}],"replies":[{"embeddable":true,"href":"https:\/\/culturas.cc\/congresso2020\/wp-json\/wp\/v2\/comments?post=16832"}],"version-history":[{"count":1,"href":"https:\/\/culturas.cc\/congresso2020\/wp-json\/wp\/v2\/posts\/16832\/revisions"}],"predecessor-version":[{"id":16833,"href":"https:\/\/culturas.cc\/congresso2020\/wp-json\/wp\/v2\/posts\/16832\/revisions\/16833"}],"wp:featuredmedia":[{"embeddable":true,"href":"https:\/\/culturas.cc\/congresso2020\/wp-json\/wp\/v2\/media\/16812"}],"wp:attachment":[{"href":"https:\/\/culturas.cc\/congresso2020\/wp-json\/wp\/v2\/media?parent=16832"}],"wp:term":[{"taxonomy":"category","embeddable":true,"href":"https:\/\/culturas.cc\/congresso2020\/wp-json\/wp\/v2\/categories?post=16832"},{"taxonomy":"post_tag","embeddable":true,"href":"https:\/\/culturas.cc\/congresso2020\/wp-json\/wp\/v2\/tags?post=16832"}],"curies":[{"name":"wp","href":"https:\/\/api.w.org\/{rel}","templated":true}]}}