{"id":16830,"date":"2020-11-12T00:18:32","date_gmt":"2020-11-12T03:18:32","guid":{"rendered":"https:\/\/culturas.cc\/congresso2020\/?p=16830"},"modified":"2020-11-12T00:18:36","modified_gmt":"2020-11-12T03:18:36","slug":"mediatizacao-circulacao-e-enunciacao-para-pensar-os-processos-contemporaneos-de-comunicacao","status":"publish","type":"post","link":"https:\/\/culturas.cc\/congresso2020\/16830\/","title":{"rendered":"Mediatiza\u00e7\u00e3o, circula\u00e7\u00e3o e enuncia\u00e7\u00e3o: para pensar os processos contempor\u00e2neos de comunica\u00e7\u00e3o"},"content":{"rendered":"\n<h3 class=\"wp-block-heading\">Claudiane Carvalho, Giovandro Ferreira, Ivanise Andrade, Lidiane Pinheiro<\/h3>\n\n\n\n<p>Esta mesa tem como objetivo analisar abordagens contempor\u00e2neas no dom\u00ednio dos estudos da comunica\u00e7\u00e3o, que t\u00eam como perspectiva as implica\u00e7\u00f5es dos meios de comunica\u00e7\u00e3o nas mudan\u00e7as da cultura e da sociedade, especialmente a partir do advento da internet e de suas diferentes fases. O atual cen\u00e1rio medi\u00e1tico provocou, entre outras, uma revolu\u00e7\u00e3o do acesso, criando novas modalidades para as condi\u00e7\u00f5es de produ\u00e7\u00e3o, circula\u00e7\u00e3o e reconhecimento do sentido e, igualmente, transforma\u00e7\u00f5es\u00a0no acesso ao conhecimento e \u00e0 cultura; na rela\u00e7\u00e3o com o outro e no v\u00ednculo dos indiv\u00edduos com as institui\u00e7\u00f5es. Todas essas mudan\u00e7as s\u00e3o articuladas em quadros interpretativos, no dom\u00ednio dos estudos da comunica\u00e7\u00e3o, por diferentes constru\u00e7\u00f5es te\u00f3ricas, como elementos que comp\u00f5em os processos de mediatiza\u00e7\u00e3o. Pelo vi\u00e9s desta mesa, buscar-se-\u00e1 uma discuss\u00e3o sobre os fragmentos de uma teoria social a partir das implica\u00e7\u00f5es dos meios de comunica\u00e7\u00e3o nas l\u00f3gicas sociais de diferentes dom\u00ednios da sociedade.<\/p>\n","protected":false},"excerpt":{"rendered":"<p>Claudiane Carvalho, Giovandro Ferreira, Ivanise Andrade, Lidiane Pinheiro Esta mesa tem como objetivo analisar abordagens contempor\u00e2neas no dom\u00ednio dos estudos da comunica\u00e7\u00e3o, que t\u00eam como perspectiva as implica\u00e7\u00f5es dos meios&#8230;<\/p>\n","protected":false},"author":137,"featured_media":16812,"comment_status":"open","ping_status":"open","sticky":false,"template":"","format":"standard","meta":{"_bbp_topic_count":0,"_bbp_reply_count":0,"_bbp_total_topic_count":0,"_bbp_total_reply_count":0,"_bbp_voice_count":0,"_bbp_anonymous_reply_count":0,"_bbp_topic_count_hidden":0,"_bbp_reply_count_hidden":0,"_bbp_forum_subforum_count":0,"_jetpack_memberships_contains_paid_content":false,"footnotes":""},"categories":[159,171,1],"tags":[],"class_list":["post-16830","post","type-post","status-publish","format-standard","has-post-thumbnail","hentry","category-gt-3","category-live-6","category-resumos"],"jetpack_featured_media_url":"https:\/\/i0.wp.com\/culturas.cc\/congresso2020\/wp-content\/uploads\/sites\/9\/2020\/11\/GT3.png?fit=600%2C600&ssl=1","jetpack_sharing_enabled":true,"_links":{"self":[{"href":"https:\/\/culturas.cc\/congresso2020\/wp-json\/wp\/v2\/posts\/16830","targetHints":{"allow":["GET"]}}],"collection":[{"href":"https:\/\/culturas.cc\/congresso2020\/wp-json\/wp\/v2\/posts"}],"about":[{"href":"https:\/\/culturas.cc\/congresso2020\/wp-json\/wp\/v2\/types\/post"}],"author":[{"embeddable":true,"href":"https:\/\/culturas.cc\/congresso2020\/wp-json\/wp\/v2\/users\/137"}],"replies":[{"embeddable":true,"href":"https:\/\/culturas.cc\/congresso2020\/wp-json\/wp\/v2\/comments?post=16830"}],"version-history":[{"count":1,"href":"https:\/\/culturas.cc\/congresso2020\/wp-json\/wp\/v2\/posts\/16830\/revisions"}],"predecessor-version":[{"id":16831,"href":"https:\/\/culturas.cc\/congresso2020\/wp-json\/wp\/v2\/posts\/16830\/revisions\/16831"}],"wp:featuredmedia":[{"embeddable":true,"href":"https:\/\/culturas.cc\/congresso2020\/wp-json\/wp\/v2\/media\/16812"}],"wp:attachment":[{"href":"https:\/\/culturas.cc\/congresso2020\/wp-json\/wp\/v2\/media?parent=16830"}],"wp:term":[{"taxonomy":"category","embeddable":true,"href":"https:\/\/culturas.cc\/congresso2020\/wp-json\/wp\/v2\/categories?post=16830"},{"taxonomy":"post_tag","embeddable":true,"href":"https:\/\/culturas.cc\/congresso2020\/wp-json\/wp\/v2\/tags?post=16830"}],"curies":[{"name":"wp","href":"https:\/\/api.w.org\/{rel}","templated":true}]}}