{"id":16828,"date":"2020-11-12T00:17:10","date_gmt":"2020-11-12T03:17:10","guid":{"rendered":"https:\/\/culturas.cc\/congresso2020\/?p=16828"},"modified":"2020-11-12T00:17:13","modified_gmt":"2020-11-12T03:17:13","slug":"consumo-midiatico-e-a-valorizacao-das-culturas-e-identidade","status":"publish","type":"post","link":"https:\/\/culturas.cc\/congresso2020\/16828\/","title":{"rendered":"Consumo midi\u00e1tico e a valoriza\u00e7\u00e3o das culturas e identidade"},"content":{"rendered":"\n<h3 class=\"wp-block-heading\">Paulo Miguez, Jane Alexandre Mutsuque, Marlene Vanessa Jamal<\/h3>\n\n\n\n<p>A reflex\u00e3o que fazemos neste artigo aborda sobre as m\u00eddias e seu papel na promo\u00e7\u00e3o de valores e identidades locais. Esta\u00a0reflex\u00e3o\u00a0de base te\u00f3rica, estuda a rela\u00e7\u00e3o entre os meios de comunica\u00e7\u00e3o de massa e a constru\u00e7\u00e3o da identidade a partir das rela\u00e7\u00f5es sociais e culturais. O indiv\u00edduo, na sua rela\u00e7\u00e3o com o mundo, constr\u00f3i valores a partir do seu ambiente envolvente, onde o papel da m\u00eddia \u00e9 determinante na forma de ver o mundo e interagir com o mundo. Apresentamos contextualiza\u00e7\u00e3o e teorias entremeadas que ilustram nossas posi\u00e7\u00f5es relacionadas \u00e0 cultura e a sociedade mo\u00e7ambicana. Com o estudo, esperamos construir uma janela onde a m\u00eddia exerce seu papel valorizador das culturas locais e, sobretudo, confere poder de discernir o bem do mal, os valores e as ideologias que est\u00e3o por tr\u00e1s das textualidades midi\u00e1ticas. Espera-se igualmente que esta reflex\u00e3o contribua para o desenvolvimento de uma perspectiva comunicacional que se ad\u00e9que aos mais variados ambientes culturais. Nossa conclus\u00e3o \u00e9 que\u00a0precisamos desenvolver uma teoria cr\u00edtica que atende os \u201cdevaneios\u201d de domina\u00e7\u00e3o existentes das m\u00eddias, resistindo a possibilidade de transforma\u00e7\u00e3o social sem valoriza\u00e7\u00e3o das identidades.\u00a0<\/p>\n","protected":false},"excerpt":{"rendered":"<p>Paulo Miguez, Jane Alexandre Mutsuque, Marlene Vanessa Jamal A reflex\u00e3o que fazemos neste artigo aborda sobre as m\u00eddias e seu papel na promo\u00e7\u00e3o de valores e identidades locais. Esta\u00a0reflex\u00e3o\u00a0de base&#8230;<\/p>\n","protected":false},"author":137,"featured_media":16812,"comment_status":"open","ping_status":"open","sticky":false,"template":"","format":"standard","meta":{"_bbp_topic_count":0,"_bbp_reply_count":0,"_bbp_total_topic_count":0,"_bbp_total_reply_count":0,"_bbp_voice_count":0,"_bbp_anonymous_reply_count":0,"_bbp_topic_count_hidden":0,"_bbp_reply_count_hidden":0,"_bbp_forum_subforum_count":0,"_jetpack_memberships_contains_paid_content":false,"footnotes":""},"categories":[159,171,1],"tags":[],"class_list":["post-16828","post","type-post","status-publish","format-standard","has-post-thumbnail","hentry","category-gt-3","category-live-6","category-resumos"],"jetpack_featured_media_url":"https:\/\/i0.wp.com\/culturas.cc\/congresso2020\/wp-content\/uploads\/sites\/9\/2020\/11\/GT3.png?fit=600%2C600&ssl=1","jetpack_sharing_enabled":true,"_links":{"self":[{"href":"https:\/\/culturas.cc\/congresso2020\/wp-json\/wp\/v2\/posts\/16828","targetHints":{"allow":["GET"]}}],"collection":[{"href":"https:\/\/culturas.cc\/congresso2020\/wp-json\/wp\/v2\/posts"}],"about":[{"href":"https:\/\/culturas.cc\/congresso2020\/wp-json\/wp\/v2\/types\/post"}],"author":[{"embeddable":true,"href":"https:\/\/culturas.cc\/congresso2020\/wp-json\/wp\/v2\/users\/137"}],"replies":[{"embeddable":true,"href":"https:\/\/culturas.cc\/congresso2020\/wp-json\/wp\/v2\/comments?post=16828"}],"version-history":[{"count":1,"href":"https:\/\/culturas.cc\/congresso2020\/wp-json\/wp\/v2\/posts\/16828\/revisions"}],"predecessor-version":[{"id":16829,"href":"https:\/\/culturas.cc\/congresso2020\/wp-json\/wp\/v2\/posts\/16828\/revisions\/16829"}],"wp:featuredmedia":[{"embeddable":true,"href":"https:\/\/culturas.cc\/congresso2020\/wp-json\/wp\/v2\/media\/16812"}],"wp:attachment":[{"href":"https:\/\/culturas.cc\/congresso2020\/wp-json\/wp\/v2\/media?parent=16828"}],"wp:term":[{"taxonomy":"category","embeddable":true,"href":"https:\/\/culturas.cc\/congresso2020\/wp-json\/wp\/v2\/categories?post=16828"},{"taxonomy":"post_tag","embeddable":true,"href":"https:\/\/culturas.cc\/congresso2020\/wp-json\/wp\/v2\/tags?post=16828"}],"curies":[{"name":"wp","href":"https:\/\/api.w.org\/{rel}","templated":true}]}}