{"id":16826,"date":"2020-11-12T00:14:55","date_gmt":"2020-11-12T03:14:55","guid":{"rendered":"https:\/\/culturas.cc\/congresso2020\/?p=16826"},"modified":"2020-11-12T00:14:58","modified_gmt":"2020-11-12T03:14:58","slug":"gestao-de-sedes-de-grupos-de-teatro-espacos-dedicados-a-subjetividade-a-memoria-a-percercao-e-ao-conhecimento","status":"publish","type":"post","link":"https:\/\/culturas.cc\/congresso2020\/16826\/","title":{"rendered":"Gest\u00e3o de sedes de grupos de teatro: espa\u00e7os dedicados \u00e0 subjetividade, \u00e0 mem\u00f3ria, \u00e0 percer\u00e7\u00e3o e ao conhecimento"},"content":{"rendered":"\n<h3 class=\"wp-block-heading\">Thiago Carvalho de Sousa Correia, Georgennes Issac, Xan Mar\u00e7all<\/h3>\n\n\n\n<p>Esta mesa tem por objetivo apresentar um estudo sobre a exist\u00eancia de sedes de grupos de teatro na cidade de Salvador (BA), atrav\u00e9s das suas manuten\u00e7\u00f5es e perman\u00eancias enquanto grupalidade. Ser\u00e3o observados o grupo de teatro Finos Trapos (2003) e o Coletivo das Liliths (2013) coma gest\u00e3o da Evo\u00e9 Casa de Cria\u00e7\u00e3o (2017) e A Outra Companhia de Teatro (2004) com a gest\u00e3o da Casa d\u2019A Outra (2013) e seus hist\u00f3ricos de ocupa\u00e7\u00e3o de distintos espa\u00e7os, sejam eles garagens, teatros, centros p\u00fablicos de economia solid\u00e1ria e capelas de resid\u00eancias universit\u00e1rias. Essa \u00e9 uma pesquisa qualitativa e descritiva pautada na pesquisa-a\u00e7\u00e3o uma vez que os pesquisadores s\u00e3o tamb\u00e9m participantes ativos, ou seja, \u00e9 objeto de estudo e sujeito de uma pesquisa e de uma transforma\u00e7\u00e3o social que \u00e9 constru\u00edda coletivamente. Na introdu\u00e7\u00e3o \u00e9 tra\u00e7ada uma linha cronol\u00f3gica de cria\u00e7\u00e3o e desenvolvimento dos grupos e seus caminhos em busca de seus espa\u00e7os-sedes e, em seguida, s\u00e3o apresentadas reflex\u00f5es sobre os desafios de equaliza\u00e7\u00e3o da pesquisa; sobre o conceito de teatro de grupo; sobre o modelo cooperativo de trabalho e sobre o entendimento de sede enquanto lugar dedicado \u00e0 subjetividade, mem\u00f3ria e percep\u00e7\u00e3o dos grupos de teatro.\u00a0<\/p>\n","protected":false},"excerpt":{"rendered":"<p>Thiago Carvalho de Sousa Correia, Georgennes Issac, Xan Mar\u00e7all Esta mesa tem por objetivo apresentar um estudo sobre a exist\u00eancia de sedes de grupos de teatro na cidade de Salvador&#8230;<\/p>\n","protected":false},"author":137,"featured_media":16812,"comment_status":"open","ping_status":"open","sticky":false,"template":"","format":"standard","meta":{"_bbp_topic_count":0,"_bbp_reply_count":0,"_bbp_total_topic_count":0,"_bbp_total_reply_count":0,"_bbp_voice_count":0,"_bbp_anonymous_reply_count":0,"_bbp_topic_count_hidden":0,"_bbp_reply_count_hidden":0,"_bbp_forum_subforum_count":0,"_jetpack_memberships_contains_paid_content":false,"footnotes":""},"categories":[159,170,1],"tags":[],"class_list":["post-16826","post","type-post","status-publish","format-standard","has-post-thumbnail","hentry","category-gt-3","category-live-5","category-resumos"],"jetpack_featured_media_url":"https:\/\/i0.wp.com\/culturas.cc\/congresso2020\/wp-content\/uploads\/sites\/9\/2020\/11\/GT3.png?fit=600%2C600&ssl=1","jetpack_sharing_enabled":true,"_links":{"self":[{"href":"https:\/\/culturas.cc\/congresso2020\/wp-json\/wp\/v2\/posts\/16826","targetHints":{"allow":["GET"]}}],"collection":[{"href":"https:\/\/culturas.cc\/congresso2020\/wp-json\/wp\/v2\/posts"}],"about":[{"href":"https:\/\/culturas.cc\/congresso2020\/wp-json\/wp\/v2\/types\/post"}],"author":[{"embeddable":true,"href":"https:\/\/culturas.cc\/congresso2020\/wp-json\/wp\/v2\/users\/137"}],"replies":[{"embeddable":true,"href":"https:\/\/culturas.cc\/congresso2020\/wp-json\/wp\/v2\/comments?post=16826"}],"version-history":[{"count":1,"href":"https:\/\/culturas.cc\/congresso2020\/wp-json\/wp\/v2\/posts\/16826\/revisions"}],"predecessor-version":[{"id":16827,"href":"https:\/\/culturas.cc\/congresso2020\/wp-json\/wp\/v2\/posts\/16826\/revisions\/16827"}],"wp:featuredmedia":[{"embeddable":true,"href":"https:\/\/culturas.cc\/congresso2020\/wp-json\/wp\/v2\/media\/16812"}],"wp:attachment":[{"href":"https:\/\/culturas.cc\/congresso2020\/wp-json\/wp\/v2\/media?parent=16826"}],"wp:term":[{"taxonomy":"category","embeddable":true,"href":"https:\/\/culturas.cc\/congresso2020\/wp-json\/wp\/v2\/categories?post=16826"},{"taxonomy":"post_tag","embeddable":true,"href":"https:\/\/culturas.cc\/congresso2020\/wp-json\/wp\/v2\/tags?post=16826"}],"curies":[{"name":"wp","href":"https:\/\/api.w.org\/{rel}","templated":true}]}}