{"id":16811,"date":"2020-11-11T23:30:05","date_gmt":"2020-11-12T02:30:05","guid":{"rendered":"https:\/\/culturas.cc\/congresso2020\/?p=16811"},"modified":"2020-11-11T23:30:08","modified_gmt":"2020-11-12T02:30:08","slug":"entre-saberes-fazeres-e-festas-da-tradicao-desafios-teoricos-e-metodologicos-da-pesquisa-academica-sobre-a-economia-do-patrimonio-cultural-imaterial-na-bahia","status":"publish","type":"post","link":"https:\/\/culturas.cc\/congresso2020\/16811\/","title":{"rendered":"Entre saberes, fazeres e festas da tradi\u00e7\u00e3o: desafios te\u00f3ricos e metodol\u00f3gicos da pesquisa acad\u00eamica sobre a economia do patrim\u00f4nio cultural imaterial na Bahia"},"content":{"rendered":"\n<h3 class=\"wp-block-heading\">Daniele Pereira Canedo, Carmen Lima, M\u00e9rcia Aquino, Murillo Pereira, Vin\u00edcius Morende<\/h3>\n\n\n\n<p>A mesa tem como objetivo promover reflex\u00f5es sobre os desafios te\u00f3ricos e metodol\u00f3gicos e os principais resultados alcan\u00e7ados pela pesquisa acad\u00eamica no campo da economia do patrim\u00f4nio cultural imaterial. Ser\u00e3o discutidas cinco investiga\u00e7\u00f5es realizadas no \u00e2mbito do Observat\u00f3rio da Economia Criativa da Bahia (OBEC-BA) e do Programa de P\u00f3s-Gradua\u00e7\u00e3o em Cultura e Sociedade que&nbsp; tamb\u00e9m t\u00eam como ponto em comum que os objetos de pesquisa&nbsp; comp\u00f5em o patrim\u00f4nio cultural imaterial baiano. Os trabalho dialogam com conceitos relevantes para as an\u00e1lises sobre os saberes, fazeres e festas da tradi\u00e7\u00e3o popular e prop\u00f5em procedimentos metodol\u00f3gicos que podem&nbsp; representar uma contribui\u00e7\u00e3o ao estudo da economia da cultura a partir de cadeias produtivas,&nbsp; das redes sociais, da organiza\u00e7\u00e3o produtiva, entre outros fatores, podendo serem&nbsp; adotados como referenciais para an\u00e1lises semelhantes de outras refer\u00eancias culturais tradicionais que comp\u00f5em a diversa economia da cultura imaterial brasileira.&nbsp;<\/p>\n\n\n\n<p>A primeira apresenta\u00e7\u00e3o ser\u00e1 realizada pela profa. Carmen Lima, que vai apresentar os principais dados e an\u00e1lises resultantes pesquisa coletiva realizada pelo Observat\u00f3rio de Economia Criativa da Bahia (OBEC-BA) sobre os impactos da pandemia para os festejos juninos. O enfoque nesta festa popular brasileira decorre dela ter sido a primeira de grande porte no pa\u00eds a ser cancelada como medida necess\u00e1ria \u00e0 conten\u00e7\u00e3o da pandemia.&nbsp;<\/p>\n\n\n\n<p>Em seguida, a doutoranda M\u00e9rcia Queiroz vai apresentar as escolhas conceituais e metodol\u00f3gicas utilizadas para investigar a Festa de Iemanj\u00e1, em Salvador. O trabalho analisa a pertin\u00eancia dos par\u00e2metros da Economia Criativa e seus rendimentos anal\u00edticos para o estudo das festas populares e, mais especificamente, da Festa de Iemanj\u00e1.<\/p>\n\n\n\n<p>Na sequ\u00eancia, o mestrando Murillo Pereira apresenta os primeiros resultados da pesquisa sobre a economia da cultura no Bemb\u00e9 do Mercado. Trata-se de uma manifesta\u00e7\u00e3o religiosa, pol\u00edtica e art\u00edstica realizada no munic\u00edpio de Santo Amaro pelas comunidades de religi\u00e3o de matriz africana desde o dia 13 de maio desde 1889 para celebrar o fim da escravid\u00e3o no Brasil. Baseada na pesquisa de mestrado, em andamento, a proposta busca apresentar o estado da arte na literatura acad\u00eamica acerca dos estudos sobre o Bemb\u00e9 do Mercado e a Economia da Festa.<\/p>\n\n\n\n<p>O quarto trabalho \u00e9 baseado na tese defendida por Vin\u00edcius Morende no P\u00f3s-Cultura que investigou&nbsp;os processos&nbsp;da&nbsp;constru\u00e7\u00e3o tradicional&nbsp;na Chapada Diamantina&nbsp;por meio da an\u00e1lise&nbsp;dos of\u00edcios&nbsp;que&nbsp;usam o barro como mat\u00e9ria-prima, no munic\u00edpio de Morro do Chap\u00e9u&nbsp;(BA). A pesquisa foi realizada a partir de an\u00e1lise&nbsp;documental&nbsp;das informa\u00e7\u00f5es do invent\u00e1rio&nbsp;dos mestres art\u00edfices da constru\u00e7\u00e3o tradicional da Chapada Diamantina, realizado pela UFBA e&nbsp;IPHAN&nbsp;entre os anos de 2014 e 2017.&nbsp;<\/p>\n\n\n\n<p>Por fim, a professora Daniele Canedo vai apresentar os caminhos conceituais e metodol\u00f3gicos que est\u00e3o propostos na investiga\u00e7\u00e3o sobre a economia da capoeira. A pesquisa tem como objetivo conhecer as redes de parcerias da capoeira, identificando a cadeia produtiva, o potencial econ\u00f4mico e os modelos de organiza\u00e7\u00e3o produtiva adotados para a gest\u00e3o dessa forma de express\u00e3o cultural, que v\u00eam possibilitando o seu processo de expans\u00e3o nacional e internacionalmente.<\/p>\n","protected":false},"excerpt":{"rendered":"<p>Daniele Pereira Canedo, Carmen Lima, M\u00e9rcia Aquino, Murillo Pereira, Vin\u00edcius Morende A mesa tem como objetivo promover reflex\u00f5es sobre os desafios te\u00f3ricos e metodol\u00f3gicos e os principais resultados alcan\u00e7ados pela&#8230;<\/p>\n","protected":false},"author":137,"featured_media":16812,"comment_status":"open","ping_status":"open","sticky":false,"template":"","format":"standard","meta":{"_bbp_topic_count":0,"_bbp_reply_count":0,"_bbp_total_topic_count":0,"_bbp_total_reply_count":0,"_bbp_voice_count":0,"_bbp_anonymous_reply_count":0,"_bbp_topic_count_hidden":0,"_bbp_reply_count_hidden":0,"_bbp_forum_subforum_count":0,"_jetpack_memberships_contains_paid_content":false,"footnotes":""},"categories":[159,170,1],"tags":[],"class_list":["post-16811","post","type-post","status-publish","format-standard","has-post-thumbnail","hentry","category-gt-3","category-live-5","category-resumos"],"jetpack_featured_media_url":"https:\/\/i0.wp.com\/culturas.cc\/congresso2020\/wp-content\/uploads\/sites\/9\/2020\/11\/GT3.png?fit=600%2C600&ssl=1","jetpack_sharing_enabled":true,"_links":{"self":[{"href":"https:\/\/culturas.cc\/congresso2020\/wp-json\/wp\/v2\/posts\/16811","targetHints":{"allow":["GET"]}}],"collection":[{"href":"https:\/\/culturas.cc\/congresso2020\/wp-json\/wp\/v2\/posts"}],"about":[{"href":"https:\/\/culturas.cc\/congresso2020\/wp-json\/wp\/v2\/types\/post"}],"author":[{"embeddable":true,"href":"https:\/\/culturas.cc\/congresso2020\/wp-json\/wp\/v2\/users\/137"}],"replies":[{"embeddable":true,"href":"https:\/\/culturas.cc\/congresso2020\/wp-json\/wp\/v2\/comments?post=16811"}],"version-history":[{"count":1,"href":"https:\/\/culturas.cc\/congresso2020\/wp-json\/wp\/v2\/posts\/16811\/revisions"}],"predecessor-version":[{"id":16813,"href":"https:\/\/culturas.cc\/congresso2020\/wp-json\/wp\/v2\/posts\/16811\/revisions\/16813"}],"wp:featuredmedia":[{"embeddable":true,"href":"https:\/\/culturas.cc\/congresso2020\/wp-json\/wp\/v2\/media\/16812"}],"wp:attachment":[{"href":"https:\/\/culturas.cc\/congresso2020\/wp-json\/wp\/v2\/media?parent=16811"}],"wp:term":[{"taxonomy":"category","embeddable":true,"href":"https:\/\/culturas.cc\/congresso2020\/wp-json\/wp\/v2\/categories?post=16811"},{"taxonomy":"post_tag","embeddable":true,"href":"https:\/\/culturas.cc\/congresso2020\/wp-json\/wp\/v2\/tags?post=16811"}],"curies":[{"name":"wp","href":"https:\/\/api.w.org\/{rel}","templated":true}]}}