{"id":16809,"date":"2020-11-11T23:23:53","date_gmt":"2020-11-12T02:23:53","guid":{"rendered":"https:\/\/culturas.cc\/congresso2020\/?p=16809"},"modified":"2020-11-11T23:23:56","modified_gmt":"2020-11-12T02:23:56","slug":"a-emergencia-da-descolonizacao-comunicacao-cultura-e-educacao-em-pauta","status":"publish","type":"post","link":"https:\/\/culturas.cc\/congresso2020\/16809\/","title":{"rendered":"A emerg\u00eancia da descoloniza\u00e7\u00e3o: comunica\u00e7\u00e3o, cultura e educa\u00e7\u00e3o em pauta"},"content":{"rendered":"\n<h3 class=\"wp-block-heading\">Paola Diniz Prandini, Eduardo Lichuge, Evanise Rodrigues Gomes<\/h3>\n\n\n\n<p>Contemporaneamente, a cultura pode ser percebida a partir de tr\u00eas dimens\u00f5es. Primeiro, a partir de um vi\u00e9s ampliado, no qual todos(as) somos produtores(as) de cultura, na medida em que produzimos o conjunto de significados e de valores presentes na sociedade. Segundo, como promo\u00e7\u00e3o de atividades art\u00edsticas, performativas e intelectuais focadas na produ\u00e7\u00e3o, na partilha e no consumo de bens e servi\u00e7os que fazem parte da contextura da ind\u00fastria cultural. Terceiro, como processo\/instrumento para o desenvolvimento educativo, pol\u00edtico e social, onde o campo da cultura se alia \u00e0 comunica\u00e7\u00e3o na constru\u00e7\u00e3o de novos saberes e fazeres que rompem com o conhecimento hegem\u00f3nico.&nbsp;<\/p>\n\n\n\n<p>Nesse sentido, propomos uma reflex\u00e3o em torno da relev\u00e2ncia sobre refletir, epistemologicamente, acerca das diversas possibilidades de cultura, por meio das intersec\u00e7\u00f5es poss\u00edveis entre as \u00e1reas da comunica\u00e7\u00e3o e da educa\u00e7\u00e3o. Nosso prop\u00f3sito \u00e9 buscar dialogar e produzir conhecimentos compartilhados, em torno das possibilidades e desafios das rela\u00e7\u00f5es entre comunica\u00e7\u00e3o, cultura e educa\u00e7\u00e3o, principalmente no Brasil e em Mo\u00e7ambique, pa\u00edses em que acumulamos experi\u00eancias e reflex\u00f5es, com foco especial na import\u00e2ncia da descoloniza\u00e7\u00e3o dos processos de produ\u00e7\u00e3o destas mesmas \u00e1reas do saber e do fazer, nos dias atuais.<\/p>\n","protected":false},"excerpt":{"rendered":"<p>Paola Diniz Prandini, Eduardo Lichuge, Evanise Rodrigues Gomes Contemporaneamente, a cultura pode ser percebida a partir de tr\u00eas dimens\u00f5es. Primeiro, a partir de um vi\u00e9s ampliado, no qual todos(as) somos&#8230;<\/p>\n","protected":false},"author":137,"featured_media":16785,"comment_status":"open","ping_status":"open","sticky":false,"template":"","format":"standard","meta":{"_bbp_topic_count":0,"_bbp_reply_count":0,"_bbp_total_topic_count":0,"_bbp_total_reply_count":0,"_bbp_voice_count":0,"_bbp_anonymous_reply_count":0,"_bbp_topic_count_hidden":0,"_bbp_reply_count_hidden":0,"_bbp_forum_subforum_count":0,"_jetpack_memberships_contains_paid_content":false,"footnotes":""},"categories":[158,169,1],"tags":[],"class_list":["post-16809","post","type-post","status-publish","format-standard","has-post-thumbnail","hentry","category-gt-2","category-live-16","category-resumos"],"jetpack_featured_media_url":"https:\/\/i0.wp.com\/culturas.cc\/congresso2020\/wp-content\/uploads\/sites\/9\/2020\/11\/GT2.png?fit=600%2C600&ssl=1","jetpack_sharing_enabled":true,"_links":{"self":[{"href":"https:\/\/culturas.cc\/congresso2020\/wp-json\/wp\/v2\/posts\/16809","targetHints":{"allow":["GET"]}}],"collection":[{"href":"https:\/\/culturas.cc\/congresso2020\/wp-json\/wp\/v2\/posts"}],"about":[{"href":"https:\/\/culturas.cc\/congresso2020\/wp-json\/wp\/v2\/types\/post"}],"author":[{"embeddable":true,"href":"https:\/\/culturas.cc\/congresso2020\/wp-json\/wp\/v2\/users\/137"}],"replies":[{"embeddable":true,"href":"https:\/\/culturas.cc\/congresso2020\/wp-json\/wp\/v2\/comments?post=16809"}],"version-history":[{"count":1,"href":"https:\/\/culturas.cc\/congresso2020\/wp-json\/wp\/v2\/posts\/16809\/revisions"}],"predecessor-version":[{"id":16810,"href":"https:\/\/culturas.cc\/congresso2020\/wp-json\/wp\/v2\/posts\/16809\/revisions\/16810"}],"wp:featuredmedia":[{"embeddable":true,"href":"https:\/\/culturas.cc\/congresso2020\/wp-json\/wp\/v2\/media\/16785"}],"wp:attachment":[{"href":"https:\/\/culturas.cc\/congresso2020\/wp-json\/wp\/v2\/media?parent=16809"}],"wp:term":[{"taxonomy":"category","embeddable":true,"href":"https:\/\/culturas.cc\/congresso2020\/wp-json\/wp\/v2\/categories?post=16809"},{"taxonomy":"post_tag","embeddable":true,"href":"https:\/\/culturas.cc\/congresso2020\/wp-json\/wp\/v2\/tags?post=16809"}],"curies":[{"name":"wp","href":"https:\/\/api.w.org\/{rel}","templated":true}]}}