{"id":16793,"date":"2020-11-11T23:09:41","date_gmt":"2020-11-12T02:09:41","guid":{"rendered":"https:\/\/culturas.cc\/congresso2020\/?p=16793"},"modified":"2020-11-11T23:09:44","modified_gmt":"2020-11-12T02:09:44","slug":"promovendo-a-diversidade-em-uma-grande-empresa-transnacional-brasileira-uma-experiencia-de-integracao-entre-a-pesquisa-academica-e-o-mundo-corporativo","status":"publish","type":"post","link":"https:\/\/culturas.cc\/congresso2020\/16793\/","title":{"rendered":"Promovendo a diversidade em uma grande empresa transnacional brasileira: uma experi\u00eancia de integra\u00e7\u00e3o entre a pesquisa acad\u00eamica e o mundo corporativo"},"content":{"rendered":"\n<h3 class=\"wp-block-heading\">Luis Alexandre Cerveira, Barbara Virginia Lucas, Inara Zamuner Sanchez<\/h3>\n\n\n\n<p>A diversidade humana historicamente foi alvo de constru\u00e7\u00f5es e naturaliza\u00e7\u00f5es em complexos esquemas de domina\u00e7\u00e3o e viol\u00eancia de g\u00eanero, \u00e9tnico-raciais, geracionais, quanto a orienta\u00e7\u00e3o sexual e sobre pessoas com defici\u00eancia. Os estudos acad\u00eamicos\/intelectuais e as lutas dos grupos socialmente oprimidos remontam a s\u00e9culos atr\u00e1s. Desde o final do s\u00e9culo XIX importantes avan\u00e7os foram obtidos como resultados das lutas sociais, o mundo acad\u00eamico, entretanto, nem sempre foi um parceiro adequado. Nas \u00faltimas d\u00e9cadas, com os estudos p\u00f3s-estruturalistas franceses, a teoria do discurso, estudos culturais, teoria Queer e estudos Decoloniais, entre outros, as rela\u00e7\u00f5es entre o mundo acad\u00eamico e os grupos portadores dos chamados \u201cmarcadores sociais da diferen\u00e7a\u201d se estreitaram. Inspirados teoricamente por essa produ\u00e7\u00e3o intelectual, e mobilizados pelas demandas desses grupos historicamente marginalizados, a Faculdade IENH, atrav\u00e9s do seu N\u00facleo de Estudos de Diversidade e a empresa Klabin S\/A \u2013 uma transnacional brasileira do ramo de produ\u00e7\u00e3o de pap\u00e9is \u2013 em setembro de 2017 iniciaram uma coopera\u00e7\u00e3o com vistas a promover uma maior diversidade no seu quadro de colaboradores, bem como realizar a\u00e7\u00f5es de educa\u00e7\u00e3o, respeito e valoriza\u00e7\u00e3o da diferen\u00e7a. Desde ent\u00e3o, a\u00e7\u00f5es fundamentadas teoricamente, e enriquecidas por pesquisas emp\u00edricas realizadas pela Faculdade IENH e outras institui\u00e7\u00f5es de ensino superior, tem orientado a\u00e7\u00f5es de educa\u00e7\u00e3o, sensibiliza\u00e7\u00e3o e promo\u00e7\u00e3o da diferen\u00e7a na empresa Klabin S\/A. Este trabalho objetiva apresentar algumas dessas a\u00e7\u00f5es, bem como alguns resultados j\u00e1 obtidos. Por outro, pretendemos promover um relato e provocar discuss\u00f5es sobre essa experi\u00eancia de rela\u00e7\u00e3o Academia-empresa privada ainda t\u00e3o insipiente no Brasil. Cabe dizer finalmente, que a equipe inscrita para a apresenta\u00e7\u00e3o do Trabalho \u00e9 composta por profissionais das duas institui\u00e7\u00f5es, a Faculdade IENH e a Klabin S\/A.\u00a0<\/p>\n","protected":false},"excerpt":{"rendered":"<p>Luis Alexandre Cerveira, Barbara Virginia Lucas, Inara Zamuner Sanchez A diversidade humana historicamente foi alvo de constru\u00e7\u00f5es e naturaliza\u00e7\u00f5es em complexos esquemas de domina\u00e7\u00e3o e viol\u00eancia de g\u00eanero, \u00e9tnico-raciais, geracionais,&#8230;<\/p>\n","protected":false},"author":137,"featured_media":16785,"comment_status":"open","ping_status":"open","sticky":false,"template":"","format":"standard","meta":{"_bbp_topic_count":0,"_bbp_reply_count":0,"_bbp_total_topic_count":0,"_bbp_total_reply_count":0,"_bbp_voice_count":0,"_bbp_anonymous_reply_count":0,"_bbp_topic_count_hidden":0,"_bbp_reply_count_hidden":0,"_bbp_forum_subforum_count":0,"_jetpack_memberships_contains_paid_content":false,"footnotes":""},"categories":[158,167,1],"tags":[],"class_list":["post-16793","post","type-post","status-publish","format-standard","has-post-thumbnail","hentry","category-gt-2","category-live-4","category-resumos"],"jetpack_featured_media_url":"https:\/\/i0.wp.com\/culturas.cc\/congresso2020\/wp-content\/uploads\/sites\/9\/2020\/11\/GT2.png?fit=600%2C600&ssl=1","jetpack_sharing_enabled":true,"_links":{"self":[{"href":"https:\/\/culturas.cc\/congresso2020\/wp-json\/wp\/v2\/posts\/16793","targetHints":{"allow":["GET"]}}],"collection":[{"href":"https:\/\/culturas.cc\/congresso2020\/wp-json\/wp\/v2\/posts"}],"about":[{"href":"https:\/\/culturas.cc\/congresso2020\/wp-json\/wp\/v2\/types\/post"}],"author":[{"embeddable":true,"href":"https:\/\/culturas.cc\/congresso2020\/wp-json\/wp\/v2\/users\/137"}],"replies":[{"embeddable":true,"href":"https:\/\/culturas.cc\/congresso2020\/wp-json\/wp\/v2\/comments?post=16793"}],"version-history":[{"count":1,"href":"https:\/\/culturas.cc\/congresso2020\/wp-json\/wp\/v2\/posts\/16793\/revisions"}],"predecessor-version":[{"id":16794,"href":"https:\/\/culturas.cc\/congresso2020\/wp-json\/wp\/v2\/posts\/16793\/revisions\/16794"}],"wp:featuredmedia":[{"embeddable":true,"href":"https:\/\/culturas.cc\/congresso2020\/wp-json\/wp\/v2\/media\/16785"}],"wp:attachment":[{"href":"https:\/\/culturas.cc\/congresso2020\/wp-json\/wp\/v2\/media?parent=16793"}],"wp:term":[{"taxonomy":"category","embeddable":true,"href":"https:\/\/culturas.cc\/congresso2020\/wp-json\/wp\/v2\/categories?post=16793"},{"taxonomy":"post_tag","embeddable":true,"href":"https:\/\/culturas.cc\/congresso2020\/wp-json\/wp\/v2\/tags?post=16793"}],"curies":[{"name":"wp","href":"https:\/\/api.w.org\/{rel}","templated":true}]}}