{"id":16791,"date":"2020-11-11T23:08:08","date_gmt":"2020-11-12T02:08:08","guid":{"rendered":"https:\/\/culturas.cc\/congresso2020\/?p=16791"},"modified":"2020-11-11T23:08:11","modified_gmt":"2020-11-12T02:08:11","slug":"unidade-nacional-na-diversidade-cultural-que-desafios-para-mocambique","status":"publish","type":"post","link":"https:\/\/culturas.cc\/congresso2020\/16791\/","title":{"rendered":"Unidade nacional na diversidade cultural: que desafios para Mo\u00e7ambique?"},"content":{"rendered":"\n<h3 class=\"wp-block-heading\">Martins Mapera, Pedrito Cambrao, Armindo Armando.<\/h3>\n\n\n\n<p>Nas sociedades modernas, a diversidade cultural constitui uma realidade ineg\u00e1vel que favorece a conviv\u00eancia social. Todavia, nota-se que al\u00e9m da diversidade ser uma resposta a conviv\u00eancia salutar na comunidade, ela constitui o ponto de partida para a eclos\u00e3o de conflitos, pois nela vigoram estere\u00f3tipos e etnocentrismos. Em Mo\u00e7ambique, as pol\u00edticas de Unidade Nacional t\u00eam vindo a ser desafiadas com a diversidade cultural, facto que faz com que a tal unidade seja um projecto a longo prazo. Neste \u00e2mbito, \u00e9 importante entender os desafios que nos s\u00e3o impostos para minimizar os conflitos desta natureza, olhando para o conflito ideol\u00f3gico existente entre a diversidade e a unidade, apesar de os conceitos \u201c<em>cultura\u201d <\/em>e <em>\u201cna\u00e7\u00e3o<\/em>\u201d terem a mesma contextualiza\u00e7\u00e3o, do ponto de vista pr\u00e1tico. Com o artigo, pretendemos analisar os desafios de que a diversidade cultural enfrenta diante das ideologias de unidade nacional, identificar principais desafios para as culturas diante desta apregoada pol\u00edtica de unidade nacional e, finalmente, reflectir sobre mecanismos de promo\u00e7\u00e3o da diversidade cultural diante da ideologia da unidade nacional em Mo\u00e7ambique. Para o desenvolvimento do artigo, recorremos a abordagem qualitativa, privilegiando a revis\u00e3o bibliogr\u00e1fica, entrevistas semi-estruturadas e observa\u00e7\u00e3o participativa, coadjuvada com a an\u00e1lise emp\u00edrica da realidade mo\u00e7ambicana numa abordagem hist\u00f3rica, o que permitiu o desenvolvimento te\u00f3rico do estudo. Por fim, o estudo sugere a necessidade de pol\u00edticas de promo\u00e7\u00e3o de culturas para que a diferen\u00e7a fortale\u00e7a a unidade.<\/p>\n","protected":false},"excerpt":{"rendered":"<p>Martins Mapera, Pedrito Cambrao, Armindo Armando. Nas sociedades modernas, a diversidade cultural constitui uma realidade ineg\u00e1vel que favorece a conviv\u00eancia social. Todavia, nota-se que al\u00e9m da diversidade ser uma resposta&#8230;<\/p>\n","protected":false},"author":137,"featured_media":16785,"comment_status":"open","ping_status":"open","sticky":false,"template":"","format":"standard","meta":{"_bbp_topic_count":0,"_bbp_reply_count":0,"_bbp_total_topic_count":0,"_bbp_total_reply_count":0,"_bbp_voice_count":0,"_bbp_anonymous_reply_count":0,"_bbp_topic_count_hidden":0,"_bbp_reply_count_hidden":0,"_bbp_forum_subforum_count":0,"_jetpack_memberships_contains_paid_content":false,"footnotes":""},"categories":[158,167,1],"tags":[],"class_list":["post-16791","post","type-post","status-publish","format-standard","has-post-thumbnail","hentry","category-gt-2","category-live-4","category-resumos"],"jetpack_featured_media_url":"https:\/\/i0.wp.com\/culturas.cc\/congresso2020\/wp-content\/uploads\/sites\/9\/2020\/11\/GT2.png?fit=600%2C600&ssl=1","jetpack_sharing_enabled":true,"_links":{"self":[{"href":"https:\/\/culturas.cc\/congresso2020\/wp-json\/wp\/v2\/posts\/16791","targetHints":{"allow":["GET"]}}],"collection":[{"href":"https:\/\/culturas.cc\/congresso2020\/wp-json\/wp\/v2\/posts"}],"about":[{"href":"https:\/\/culturas.cc\/congresso2020\/wp-json\/wp\/v2\/types\/post"}],"author":[{"embeddable":true,"href":"https:\/\/culturas.cc\/congresso2020\/wp-json\/wp\/v2\/users\/137"}],"replies":[{"embeddable":true,"href":"https:\/\/culturas.cc\/congresso2020\/wp-json\/wp\/v2\/comments?post=16791"}],"version-history":[{"count":1,"href":"https:\/\/culturas.cc\/congresso2020\/wp-json\/wp\/v2\/posts\/16791\/revisions"}],"predecessor-version":[{"id":16792,"href":"https:\/\/culturas.cc\/congresso2020\/wp-json\/wp\/v2\/posts\/16791\/revisions\/16792"}],"wp:featuredmedia":[{"embeddable":true,"href":"https:\/\/culturas.cc\/congresso2020\/wp-json\/wp\/v2\/media\/16785"}],"wp:attachment":[{"href":"https:\/\/culturas.cc\/congresso2020\/wp-json\/wp\/v2\/media?parent=16791"}],"wp:term":[{"taxonomy":"category","embeddable":true,"href":"https:\/\/culturas.cc\/congresso2020\/wp-json\/wp\/v2\/categories?post=16791"},{"taxonomy":"post_tag","embeddable":true,"href":"https:\/\/culturas.cc\/congresso2020\/wp-json\/wp\/v2\/tags?post=16791"}],"curies":[{"name":"wp","href":"https:\/\/api.w.org\/{rel}","templated":true}]}}