{"id":16781,"date":"2020-11-11T22:53:42","date_gmt":"2020-11-12T01:53:42","guid":{"rendered":"https:\/\/culturas.cc\/congresso2020\/?p=16781"},"modified":"2020-11-11T22:54:06","modified_gmt":"2020-11-12T01:54:06","slug":"movimento-estudantil-e-democratizacao-do-conhecimento-uma-perspectiva-interseccional-no-meio-academico-em-tempos-de-pandemia","status":"publish","type":"post","link":"https:\/\/culturas.cc\/congresso2020\/16781\/","title":{"rendered":"Movimento estudantil e democratiza\u00e7\u00e3o do conhecimento: uma perspectiva interseccional no meio acad\u00eamico em tempos de pandemia"},"content":{"rendered":"\n<h3 class=\"wp-block-heading\">Igor Cardoso Ribeiro, Beatriz Abreu Gomes, Daiane de Jesus Oliveira, Gustavo dos Santos Leal, Maur\u00edcio Menezes de Castro<\/h3>\n\n\n\n<p>Houveram v\u00e1rias dificuldades enfrentadas pela representa\u00e7\u00e3o estudantil no decorrer da hist\u00f3ria, nesse momento pand\u00eamico, com as estruturas de comunica\u00e7\u00e3o modificadas por conta do distanciamento social, se torna necess\u00e1rio desenvolver um modelo de representa\u00e7\u00e3o estudantil que participe ativamente dos espa\u00e7os deliberativos da institui\u00e7\u00e3o acad\u00eamica, dando conta de atender\/entender as necessidades dos estudantes. A classe estudantil \u00e9 composta por estudantes inscritos nos diversos marcadores dos cruzamentos identit\u00e1rios da ra\u00e7a, classe, g\u00eanero e sexualidade. Portanto, esses alunos enfrentam na vida acad\u00eamica\/universit\u00e1ria v\u00e1rios dos problemas causados pelas desigualdades sociais. As Universidades, vistas como institui\u00e7\u00f5es de poder, s\u00e3o ambientes que atende \u00e0s demandas do mundo eurocentrado colonial, pautada em uma cultura cisheteronormativa patriarcal, submete os sujeitos \u00e0s diversas viol\u00eancias do mundo ocidental. A partir disso, torna-se evidente que democratizar o conhecimento \u00e9 uma das formas de garantir um espa\u00e7o acad\u00eamico m\u00faltiplo, plural e democr\u00e1tico, que respeite a diversidade e reconhe\u00e7a como v\u00e1lida todas as formas de existir. Dessa forma, a representa\u00e7\u00e3o estudantil age como uma importante ferramenta democr\u00e1tica na constru\u00e7\u00e3o de uma cultura de inclus\u00e3o e garantia de direitos dentro e fora do espa\u00e7o universit\u00e1rio. O intuito dessa mesa \u00e9 dialogar sobre os desafios na luta de garantias e perman\u00eancia de direitos estudantis, atrav\u00e9s de um debate interseccional, de modo a trazer as dificuldades enfrentadas durante a quarentena do COVID-19 pelos estudantes, demonstrando a import\u00e2ncia de um olhar decolonial e interseccional no \u00e2mbito acad\u00eamico.\u00a0<\/p>\n","protected":false},"excerpt":{"rendered":"<p>Igor Cardoso Ribeiro, Beatriz Abreu Gomes, Daiane de Jesus Oliveira, Gustavo dos Santos Leal, Maur\u00edcio Menezes de Castro Houveram v\u00e1rias dificuldades enfrentadas pela representa\u00e7\u00e3o estudantil no decorrer da hist\u00f3ria, nesse&#8230;<\/p>\n","protected":false},"author":137,"featured_media":16743,"comment_status":"open","ping_status":"open","sticky":false,"template":"","format":"standard","meta":{"_bbp_topic_count":0,"_bbp_reply_count":0,"_bbp_total_topic_count":0,"_bbp_total_reply_count":0,"_bbp_voice_count":0,"_bbp_anonymous_reply_count":0,"_bbp_topic_count_hidden":0,"_bbp_reply_count_hidden":0,"_bbp_forum_subforum_count":0,"_jetpack_memberships_contains_paid_content":false,"footnotes":""},"categories":[157,183,1],"tags":[],"class_list":["post-16781","post","type-post","status-publish","format-standard","has-post-thumbnail","hentry","category-gt-1","category-live-14","category-resumos"],"jetpack_featured_media_url":"https:\/\/i0.wp.com\/culturas.cc\/congresso2020\/wp-content\/uploads\/sites\/9\/2020\/11\/GT1.png?fit=600%2C600&ssl=1","jetpack_sharing_enabled":true,"_links":{"self":[{"href":"https:\/\/culturas.cc\/congresso2020\/wp-json\/wp\/v2\/posts\/16781","targetHints":{"allow":["GET"]}}],"collection":[{"href":"https:\/\/culturas.cc\/congresso2020\/wp-json\/wp\/v2\/posts"}],"about":[{"href":"https:\/\/culturas.cc\/congresso2020\/wp-json\/wp\/v2\/types\/post"}],"author":[{"embeddable":true,"href":"https:\/\/culturas.cc\/congresso2020\/wp-json\/wp\/v2\/users\/137"}],"replies":[{"embeddable":true,"href":"https:\/\/culturas.cc\/congresso2020\/wp-json\/wp\/v2\/comments?post=16781"}],"version-history":[{"count":1,"href":"https:\/\/culturas.cc\/congresso2020\/wp-json\/wp\/v2\/posts\/16781\/revisions"}],"predecessor-version":[{"id":16782,"href":"https:\/\/culturas.cc\/congresso2020\/wp-json\/wp\/v2\/posts\/16781\/revisions\/16782"}],"wp:featuredmedia":[{"embeddable":true,"href":"https:\/\/culturas.cc\/congresso2020\/wp-json\/wp\/v2\/media\/16743"}],"wp:attachment":[{"href":"https:\/\/culturas.cc\/congresso2020\/wp-json\/wp\/v2\/media?parent=16781"}],"wp:term":[{"taxonomy":"category","embeddable":true,"href":"https:\/\/culturas.cc\/congresso2020\/wp-json\/wp\/v2\/categories?post=16781"},{"taxonomy":"post_tag","embeddable":true,"href":"https:\/\/culturas.cc\/congresso2020\/wp-json\/wp\/v2\/tags?post=16781"}],"curies":[{"name":"wp","href":"https:\/\/api.w.org\/{rel}","templated":true}]}}