{"id":16775,"date":"2020-11-11T22:46:11","date_gmt":"2020-11-12T01:46:11","guid":{"rendered":"https:\/\/culturas.cc\/congresso2020\/?p=16775"},"modified":"2020-11-11T22:54:24","modified_gmt":"2020-11-12T01:54:24","slug":"formacao-intercultural-mediacoes-identitarias-na-diaspora-negra-contemporanea","status":"publish","type":"post","link":"https:\/\/culturas.cc\/congresso2020\/16775\/","title":{"rendered":"Forma\u00e7\u00e3o (inter)Cultural: media\u00e7\u00f5es identit\u00e1rias na di\u00e1spora negra contempor\u00e2nea"},"content":{"rendered":"\n<h3 class=\"wp-block-heading\">Rita de Cassia Dias Pereira de Jesus, Mariana Ballen Fernandes, Kleber Antonio de Oliveira Amancio, Rosildo Moreira do Rosario<\/h3>\n\n\n\n<p>Os debates contempor\u00e2neos sobre a forma\u00e7\u00e3o para a diversidade, as rela\u00e7\u00f5es \u00e9tnico-raciais e os processos identit\u00e1rios, tem passado por uma grande e complexa articula\u00e7\u00e3o entre os aspectos relacionados \u00e0 multirreferencialidade na constru\u00e7\u00e3o do conhecimento e sua difus\u00e3o. Aspectos relacionados \u00e0 justi\u00e7a cognitiva, aos saberes dos povos, a (trans\/interculturalidade)culturalidade tem expressiva import\u00e2ncia\u00a0 nos contextos de (trans) forma\u00e7\u00e3o cultural, tanto no que diz respeito\u00a0 ao imbrincado das viv\u00eancias s\u00f3cio-hist\u00f3ricas, das experi\u00eancias culturais e geo-pol\u00edticas vivenciado nos tr\u00e2nsitos humanos, em especial na di\u00e1spora negra pelo mundo, quanto nos m\u00faltiplos cen\u00e1rios de conv\u00edvio, e express\u00e3o implicada das sensibilidades postas na constru\u00e7\u00e3o identit\u00e1rias dos sujeitos contempor\u00e2neos. Intencionamos reunir estudos\/experi\u00eancias de forma\u00e7\u00e3o implicada, em cen\u00e1rios variados de forma\u00e7\u00e3o cultural, que promovem ampla conex\u00e3o de culturas, linguagens, saberes, fazeres, hist\u00f3rias de vida e forma\u00e7\u00e3o e saber-fazer, associadas \u00e0s m\u00faltiplas culturas locais e \u201cdeslocalizadas\u201d na viv\u00eancia diasp\u00f3rica, uma vez que as experi\u00eancias de forma\u00e7\u00e3o na inter\/transculturalidade, e na internacionaliza\u00e7\u00e3o, tem impactos pessoais individuais, mas tamb\u00e9m operam sobre o conhecimento constru\u00eddo \u2013 suas bases, ancoragens epistemol\u00f3gicas, axiol\u00f3gicas, culturais, \u00e9ticas, est\u00e9ticas, e sobre a cosmovis\u00e3o da \u00e9gide sob a qual se constr\u00f3i, impactos, portanto, sobre a constitui\u00e7\u00e3o identit\u00e1ria destes sujeitos culturais na forma\u00e7\u00e3o. Abordagens de cunho multidisciplinar, contribuir\u00e3o significativamente para as compreens\u00f5es pretendidas, uma vez que tem-se a expectativa de que as discuss\u00f5es fomentadas pelas presen\u00e7as desses corpos n\u00f4mades, nos processos de forma\u00e7\u00e3o, afetem nos processos da interculturalidade, nos sistemas de ensino que os\/as recepcionam.\u00a0 No que concerne \u00e0s popula\u00e7\u00f5es afrodiasp\u00f3ricas esta posi\u00e7\u00e3o implica em reconhecer sua contribui\u00e7\u00e3o \u00e9tica, est\u00e9tica, intelectual, art\u00edstica e econ\u00f4mica para a composi\u00e7\u00e3o das sociedades, nas fronteiras internas, e no que chamamos de \u201cmundo moderno\u201d, e para a compreens\u00e3o da geopol\u00edtica contempor\u00e2nea.\u00a0 Pretende-se promover descritibilidade das experi\u00eancias e dos sentidos atribu\u00eddos \u00e0 forma\u00e7\u00e3o (inter)cultural, suas linguagens e tecnologias,\u00a0 na di\u00e1spora, assim como, contribuir para o mapeamento das pol\u00edticas e pr\u00e1ticas para a promo\u00e7\u00e3o da forma\u00e7\u00e3o, em interc\u00e2mbio intercultural e coopera\u00e7\u00e3o bilateral, e identificar as estrat\u00e9gias e as formas de media\u00e7\u00e3o cultural e interdisciplinar, desenvolvidas nas pr\u00e1ticas da forma\u00e7\u00e3o (inter)cultural no Brasil, em Portugal e Mo\u00e7ambique.\u00a0<\/p>\n","protected":false},"excerpt":{"rendered":"<p>Rita de Cassia Dias Pereira de Jesus, Mariana Ballen Fernandes, Kleber Antonio de Oliveira Amancio, Rosildo Moreira do Rosario Os debates contempor\u00e2neos sobre a forma\u00e7\u00e3o para a diversidade, as rela\u00e7\u00f5es&#8230;<\/p>\n","protected":false},"author":137,"featured_media":16743,"comment_status":"open","ping_status":"open","sticky":false,"template":"","format":"standard","meta":{"_bbp_topic_count":0,"_bbp_reply_count":0,"_bbp_total_topic_count":0,"_bbp_total_reply_count":0,"_bbp_voice_count":0,"_bbp_anonymous_reply_count":0,"_bbp_topic_count_hidden":0,"_bbp_reply_count_hidden":0,"_bbp_forum_subforum_count":0,"_jetpack_memberships_contains_paid_content":false,"footnotes":""},"categories":[157,165,1],"tags":[],"class_list":["post-16775","post","type-post","status-publish","format-standard","has-post-thumbnail","hentry","category-gt-1","category-live-13","category-resumos"],"jetpack_featured_media_url":"https:\/\/i0.wp.com\/culturas.cc\/congresso2020\/wp-content\/uploads\/sites\/9\/2020\/11\/GT1.png?fit=600%2C600&ssl=1","jetpack_sharing_enabled":true,"_links":{"self":[{"href":"https:\/\/culturas.cc\/congresso2020\/wp-json\/wp\/v2\/posts\/16775","targetHints":{"allow":["GET"]}}],"collection":[{"href":"https:\/\/culturas.cc\/congresso2020\/wp-json\/wp\/v2\/posts"}],"about":[{"href":"https:\/\/culturas.cc\/congresso2020\/wp-json\/wp\/v2\/types\/post"}],"author":[{"embeddable":true,"href":"https:\/\/culturas.cc\/congresso2020\/wp-json\/wp\/v2\/users\/137"}],"replies":[{"embeddable":true,"href":"https:\/\/culturas.cc\/congresso2020\/wp-json\/wp\/v2\/comments?post=16775"}],"version-history":[{"count":1,"href":"https:\/\/culturas.cc\/congresso2020\/wp-json\/wp\/v2\/posts\/16775\/revisions"}],"predecessor-version":[{"id":16776,"href":"https:\/\/culturas.cc\/congresso2020\/wp-json\/wp\/v2\/posts\/16775\/revisions\/16776"}],"wp:featuredmedia":[{"embeddable":true,"href":"https:\/\/culturas.cc\/congresso2020\/wp-json\/wp\/v2\/media\/16743"}],"wp:attachment":[{"href":"https:\/\/culturas.cc\/congresso2020\/wp-json\/wp\/v2\/media?parent=16775"}],"wp:term":[{"taxonomy":"category","embeddable":true,"href":"https:\/\/culturas.cc\/congresso2020\/wp-json\/wp\/v2\/categories?post=16775"},{"taxonomy":"post_tag","embeddable":true,"href":"https:\/\/culturas.cc\/congresso2020\/wp-json\/wp\/v2\/tags?post=16775"}],"curies":[{"name":"wp","href":"https:\/\/api.w.org\/{rel}","templated":true}]}}