{"id":16767,"date":"2020-11-11T22:36:19","date_gmt":"2020-11-12T01:36:19","guid":{"rendered":"https:\/\/culturas.cc\/congresso2020\/?p=16767"},"modified":"2020-11-11T22:54:52","modified_gmt":"2020-11-12T01:54:52","slug":"revisita-a-caminhos-negros-em-tempos-de-covid-19","status":"publish","type":"post","link":"https:\/\/culturas.cc\/congresso2020\/16767\/","title":{"rendered":"Revisita a caminhos negros em tempos de covid-19"},"content":{"rendered":"\n<h3 class=\"wp-block-heading\">Luiz Paulo Carvalho Pires de Oliveira, Millen Carvalho Cerqueira da Silva, Felipe Nicori Pereira<\/h3>\n\n\n\n<p>Este projeto traz como proposi\u00e7\u00e3o criar um terreno f\u00e9rtil reflexivo, compondo zonas de encontro entre o saber e o transmitir. A proposi\u00e7\u00e3o do texto se encontra numa encruzilhada de pensamentos e reflex\u00f5es que constituem a base da discuss\u00e3o em torno da vida dos jovens negros brasileiros e a influ\u00eancia do racismo e da necropol\u00edtica instaurada pelo Estado Na\u00e7\u00e3o em tempos de pandemia. Esta reflex\u00e3o foi constitu\u00edda a partir de inspira\u00e7\u00f5es da vida de jovens negros. Portanto, apresenta modos de ser e\u00a0 fazer cotidianos. Para tanto, como jogar com palavras \u00e0 medida em que se pavimenta um novo caminho? O projeto proposto teve como objetivo criar rachaduras para outros conhecimentos, criando um espa\u00e7o para que as palavras possam respirar e tomar forma, tornado evidentes nuances de vidas resistentes. Os caminhos percorridos v\u00e3o de encontro a necropol\u00edtica instaurada e perpetuada atrav\u00e9s dos anos e formas de resist\u00eancia e realidade dos\/as jovens negros\/as brasileiros. O jovem negro brasileiro \u00e9 aquele que rasga os conglomerados de tecnologias de morte miradas ao seu corpo. Agora, com a situa\u00e7\u00e3o imposta pela convide 19, entendemos nesta reflex\u00e3o um lugar de revisita, para propor poss\u00edveis pontos de partida para pensar as situa\u00e7\u00f5es de vulnerabilidade e propor solu\u00e7\u00f5es. Compreende-se tamb\u00e9m, neste projeto a no\u00e7\u00e3o de otimismo e esperan\u00e7a, como a estrat\u00e9gia pol\u00edtica para a supera\u00e7\u00e3o e enfrentamento do racismo de um estado com sua necropol\u00edtica institu\u00edda, assim consistindo poss\u00edveis andan\u00e7as contra-a\u00e7\u00e3o racista no tempo presente. \u00c9 necess\u00e1rio al\u00e7ar voo, \u00e9 preciso produzir a partir da nossa realidade. Os voos rasantes s\u00e3o formas de produ\u00e7\u00e3o de outro mundo do mundo, pois eles possibilitam a constru\u00e7\u00e3o de novas realidades a partir das experi\u00eancias dos jovens negros brasileiros. Agora, com a situa\u00e7\u00e3o imposta pela Covid-19, entendemos nesta reflex\u00e3o um lugar de revisita, para propor poss\u00edveis pontos de partida da vida e das situa\u00e7\u00f5es de vulnerabilidade.<\/p>\n","protected":false},"excerpt":{"rendered":"<p>Luiz Paulo Carvalho Pires de Oliveira, Millen Carvalho Cerqueira da Silva, Felipe Nicori Pereira Este projeto traz como proposi\u00e7\u00e3o criar um terreno f\u00e9rtil reflexivo, compondo zonas de encontro entre o&#8230;<\/p>\n","protected":false},"author":137,"featured_media":16743,"comment_status":"open","ping_status":"open","sticky":false,"template":"","format":"standard","meta":{"_bbp_topic_count":0,"_bbp_reply_count":0,"_bbp_total_topic_count":0,"_bbp_total_reply_count":0,"_bbp_voice_count":0,"_bbp_anonymous_reply_count":0,"_bbp_topic_count_hidden":0,"_bbp_reply_count_hidden":0,"_bbp_forum_subforum_count":0,"_jetpack_memberships_contains_paid_content":false,"footnotes":""},"categories":[157,164,1],"tags":[],"class_list":["post-16767","post","type-post","status-publish","format-standard","has-post-thumbnail","hentry","category-gt-1","category-live-12","category-resumos"],"jetpack_featured_media_url":"https:\/\/i0.wp.com\/culturas.cc\/congresso2020\/wp-content\/uploads\/sites\/9\/2020\/11\/GT1.png?fit=600%2C600&ssl=1","jetpack_sharing_enabled":true,"_links":{"self":[{"href":"https:\/\/culturas.cc\/congresso2020\/wp-json\/wp\/v2\/posts\/16767","targetHints":{"allow":["GET"]}}],"collection":[{"href":"https:\/\/culturas.cc\/congresso2020\/wp-json\/wp\/v2\/posts"}],"about":[{"href":"https:\/\/culturas.cc\/congresso2020\/wp-json\/wp\/v2\/types\/post"}],"author":[{"embeddable":true,"href":"https:\/\/culturas.cc\/congresso2020\/wp-json\/wp\/v2\/users\/137"}],"replies":[{"embeddable":true,"href":"https:\/\/culturas.cc\/congresso2020\/wp-json\/wp\/v2\/comments?post=16767"}],"version-history":[{"count":1,"href":"https:\/\/culturas.cc\/congresso2020\/wp-json\/wp\/v2\/posts\/16767\/revisions"}],"predecessor-version":[{"id":16768,"href":"https:\/\/culturas.cc\/congresso2020\/wp-json\/wp\/v2\/posts\/16767\/revisions\/16768"}],"wp:featuredmedia":[{"embeddable":true,"href":"https:\/\/culturas.cc\/congresso2020\/wp-json\/wp\/v2\/media\/16743"}],"wp:attachment":[{"href":"https:\/\/culturas.cc\/congresso2020\/wp-json\/wp\/v2\/media?parent=16767"}],"wp:term":[{"taxonomy":"category","embeddable":true,"href":"https:\/\/culturas.cc\/congresso2020\/wp-json\/wp\/v2\/categories?post=16767"},{"taxonomy":"post_tag","embeddable":true,"href":"https:\/\/culturas.cc\/congresso2020\/wp-json\/wp\/v2\/tags?post=16767"}],"curies":[{"name":"wp","href":"https:\/\/api.w.org\/{rel}","templated":true}]}}