{"id":16765,"date":"2020-11-11T22:34:46","date_gmt":"2020-11-12T01:34:46","guid":{"rendered":"https:\/\/culturas.cc\/congresso2020\/?p=16765"},"modified":"2020-11-11T22:54:58","modified_gmt":"2020-11-12T01:54:58","slug":"machado-de-assis-real-identidades-biograficas-do-literata-a-luz-dos-estudos-culturais","status":"publish","type":"post","link":"https:\/\/culturas.cc\/congresso2020\/16765\/","title":{"rendered":"Machado de Assis real: identidades biogr\u00e1ficas do literata \u00e0 luz dos estudos culturais"},"content":{"rendered":"\n<h3 class=\"wp-block-heading\">Carlos Jael Soares da Silva, Jefferson da Silva Pereira, Gustavo C\u00e9sar da Silva<\/h3>\n\n\n\n<p>O movimento negro brasileiro reclama como representante identit\u00e1rio o afamado Machado de Assis, considerado o poss\u00edvel supremo dentre literatas negros mundiais (Bloom, 2002). Entretanto, oficialmente, e supostamente autodeclarado, o escritor seria branco tanto em fei\u00e7\u00e3o quanto em estilo euroc\u00eantrico, segundo contempor\u00e2neos e cr\u00edticos. Fotos popularizadas favoreceriam tal vers\u00e3o. Outros coevos apontavam-lhe os modos afrancesados, a nega\u00e7\u00e3o \u00e0 pr\u00f3pria mulatice e o n\u00e3o favorecimento da multietnicidade e multiculturalidade do pa\u00eds, al\u00e9m do desmerecimento do abolicionismo e da exclus\u00e3o de negros nos romances. Por outro lado, defensores da literatura brasileira afrodescendente inclu\u00edram-no no rol de \u00edcones, sobretudo baseando-se em cr\u00f4nicas. Esse embate entre branquitude e negritude fez-se presente at\u00e9 na publicidade. Mas, afinal, qual discurso \u00e9 o correto? Machado teria autodeclarado uma identidade? Ou optou por reservar estas e outras \u00e0s intimidades? A mesa prop\u00f5e-se a apresentar dele dados biogr\u00e1ficos diversos e adversos e objetiva encontrar, \u00e0 luz dos Estudos Culturais, junto aos participantes, uma resposta satisfat\u00f3ria, um consenso ou caminhos outros para vislumbrar abordagem adequada. Ser\u00e3o trazidos \u00e0 baila estudiosos a exemplo de Mbembe, Fanon, Alcoff, Raymond Williams, Stuart Hall, Castells e Darcy Ribeiro.<\/p>\n","protected":false},"excerpt":{"rendered":"<p>Carlos Jael Soares da Silva, Jefferson da Silva Pereira, Gustavo C\u00e9sar da Silva O movimento negro brasileiro reclama como representante identit\u00e1rio o afamado Machado de Assis, considerado o poss\u00edvel supremo&#8230;<\/p>\n","protected":false},"author":137,"featured_media":16743,"comment_status":"open","ping_status":"open","sticky":false,"template":"","format":"standard","meta":{"_bbp_topic_count":0,"_bbp_reply_count":0,"_bbp_total_topic_count":0,"_bbp_total_reply_count":0,"_bbp_voice_count":0,"_bbp_anonymous_reply_count":0,"_bbp_topic_count_hidden":0,"_bbp_reply_count_hidden":0,"_bbp_forum_subforum_count":0,"_jetpack_memberships_contains_paid_content":false,"footnotes":""},"categories":[157,164,1],"tags":[],"class_list":["post-16765","post","type-post","status-publish","format-standard","has-post-thumbnail","hentry","category-gt-1","category-live-12","category-resumos"],"jetpack_featured_media_url":"https:\/\/i0.wp.com\/culturas.cc\/congresso2020\/wp-content\/uploads\/sites\/9\/2020\/11\/GT1.png?fit=600%2C600&ssl=1","jetpack_sharing_enabled":true,"_links":{"self":[{"href":"https:\/\/culturas.cc\/congresso2020\/wp-json\/wp\/v2\/posts\/16765","targetHints":{"allow":["GET"]}}],"collection":[{"href":"https:\/\/culturas.cc\/congresso2020\/wp-json\/wp\/v2\/posts"}],"about":[{"href":"https:\/\/culturas.cc\/congresso2020\/wp-json\/wp\/v2\/types\/post"}],"author":[{"embeddable":true,"href":"https:\/\/culturas.cc\/congresso2020\/wp-json\/wp\/v2\/users\/137"}],"replies":[{"embeddable":true,"href":"https:\/\/culturas.cc\/congresso2020\/wp-json\/wp\/v2\/comments?post=16765"}],"version-history":[{"count":1,"href":"https:\/\/culturas.cc\/congresso2020\/wp-json\/wp\/v2\/posts\/16765\/revisions"}],"predecessor-version":[{"id":16766,"href":"https:\/\/culturas.cc\/congresso2020\/wp-json\/wp\/v2\/posts\/16765\/revisions\/16766"}],"wp:featuredmedia":[{"embeddable":true,"href":"https:\/\/culturas.cc\/congresso2020\/wp-json\/wp\/v2\/media\/16743"}],"wp:attachment":[{"href":"https:\/\/culturas.cc\/congresso2020\/wp-json\/wp\/v2\/media?parent=16765"}],"wp:term":[{"taxonomy":"category","embeddable":true,"href":"https:\/\/culturas.cc\/congresso2020\/wp-json\/wp\/v2\/categories?post=16765"},{"taxonomy":"post_tag","embeddable":true,"href":"https:\/\/culturas.cc\/congresso2020\/wp-json\/wp\/v2\/tags?post=16765"}],"curies":[{"name":"wp","href":"https:\/\/api.w.org\/{rel}","templated":true}]}}